{"id":20689,"date":"2013-05-12T21:28:21","date_gmt":"2013-05-13T02:28:21","guid":{"rendered":"http:\/\/fraynelson.com\/blog\/?p=20689"},"modified":"2013-05-12T21:38:44","modified_gmt":"2013-05-13T02:38:44","slug":"familias-migrantes-1-de-2","status":"publish","type":"post","link":"https:\/\/fraynelson.com\/blog\/2013\/05\/12\/familias-migrantes-1-de-2\/","title":{"rendered":"Familias Migrantes, 1 de 2"},"content":{"rendered":"<p>[Predicaci\u00f3n a la Comunidad Hispana en Lafayette, Louisiana, EEUU, en Mayo de 2013.]<\/p>\n<p>* \u00bfQu\u00e9 dificultades particulares experimentan la pareja, y la familia, cuando viven procesos de movilidad humana, que a menudo implican nuevos y desafiantes contextos culturales?<\/p>\n<p>* Quiz\u00e1s el criterio m\u00e1s importante para responder es: todo depende de cu\u00e1les derechos b\u00e1sicos queden asegurados por las condiciones en que se da el cambio. No es lo mismo &#8220;ser invitado&#8221; que &#8220;tratar de entrar.&#8221;<\/p>\n<p>* El segundo criterio a tomar en cuenta es que, aunque sea el grupo familiar el que cambia de residencia, no debe presumirse que todos viven sus crisis o esperanzas al mismo tiempo. Cada persona tiene sus propias renuncias y sus peque\u00f1os o grandes avances, de modo que hay que estar atentos a esos procesos individuales y apoyar los procesos con gran paciencia, sentido de escucha y caridad.<\/p>\n<p>* En particular, es t\u00edpico que los varones se centren en la resoluci\u00f3n de problemas, uno detr\u00e1s de otro; mientras que las mujeres suelen tener un enfoque m\u00e1s comprensivo y hol\u00edstico: tratando de crear y favorecer &#8220;ambientes&#8221; que sean acogedores y motivantes para todos. Es natural, y puede ser muy productivo que surjan algunas tensiones entre estas dos perspectivas.<\/p>\n<p>* Si volvemos nuestra atenci\u00f3n a la Sagrada Escritura, encontramos un dato fundamental: a menudo, Dios asocia el progreso en la fe con procesos, a veces dram\u00e1ticos de movilidad humana. Llama la atenci\u00f3n, en G\u00e9nesis 12, c\u00f3mo Abraham es puesto en camino. Su desarraigo de la tierra (y cultura) de su padre, va en paralelo con el progresivo arraigo a las promesas y la palabra misma de Dios.<\/p>\n<p>* Otra escena important\u00edsima en el conjunto de la historia de Israel es, por supuesto, el \u00e9xodo, que, como su nombre lo indica, habla tambi\u00e9n de un desplazamiento masivo de personas. El despojo del desierto va en paralelo con el equipamiento nuevo de una fe que madura a golpes del camino.<\/p>\n<p>* En el Nuevo Testamento, baste recordar a Cristo como el gran caminante; como aquel que deja a las 99 en el redil y sale en b\u00fasqueda de la oveja perdida. De hecho, Cristo es el que no tiene d\u00f3nde reclinar la cabeza, y su movilidad se identifica con la generosidad del amor que no puede permanecer impasible ante la necesidad de los muy amados.<\/p>\n<p>* No debemos entonces ver a la movilidad humana necesariamente como un ataque a la fe. M\u00e1s que los hechos en s\u00ed mismos, lo que importa es la manera como se leen y viven esos hechos, y sobre todo, si desde el principio se le da a Dios el lugar que le corresponde en la pareja, la familia y la comunidad como tal.<\/p>\n<div class=\"powerpress_player\" id=\"powerpress_player_1726\"><audio class=\"wp-audio-shortcode\" id=\"audio-20689-1\" preload=\"none\" style=\"width: 100%;\" controls=\"controls\"><source type=\"audio\/mpeg\" src=\"http:\/\/fraynelson.com\/conferencias\/familia\/familias_migrantes_1_de_2.mp3?_=1\" \/><a href=\"http:\/\/fraynelson.com\/conferencias\/familia\/familias_migrantes_1_de_2.mp3\">http:\/\/fraynelson.com\/conferencias\/familia\/familias_migrantes_1_de_2.mp3<\/a><\/audio><\/div>\n","protected":false},"excerpt":{"rendered":"<p>[Predicaci\u00f3n a la Comunidad Hispana en Lafayette, Louisiana, EEUU, en Mayo de 2013.] * \u00bfQu\u00e9 dificultades particulares experimentan la pareja, y la familia, cuando viven procesos de movilidad humana, que a menudo implican nuevos y desafiantes contextos culturales? * Quiz\u00e1s el criterio m\u00e1s importante para responder es: todo depende de cu\u00e1les derechos b\u00e1sicos queden asegurados &hellip; <\/p>\n<p class=\"link-more\"><a href=\"https:\/\/fraynelson.com\/blog\/2013\/05\/12\/familias-migrantes-1-de-2\/\" class=\"more-link\">Continuar leyendo<span class=\"screen-reader-text\"> &#8220;Familias Migrantes, 1 de 2&#8221;<\/span><\/a><\/p>\n","protected":false},"author":1138,"featured_media":0,"comment_status":"closed","ping_status":"closed","sticky":false,"template":"","format":"standard","meta":{"footnotes":""},"categories":[291,1080,678],"tags":[],"class_list":["post-20689","post","type-post","status-publish","format-standard","hentry","category-audio","category-familias-migrantes","category-migracion"],"jetpack_featured_media_url":"","_links":{"self":[{"href":"https:\/\/fraynelson.com\/blog\/wp-json\/wp\/v2\/posts\/20689","targetHints":{"allow":["GET"]}}],"collection":[{"href":"https:\/\/fraynelson.com\/blog\/wp-json\/wp\/v2\/posts"}],"about":[{"href":"https:\/\/fraynelson.com\/blog\/wp-json\/wp\/v2\/types\/post"}],"author":[{"embeddable":true,"href":"https:\/\/fraynelson.com\/blog\/wp-json\/wp\/v2\/users\/1138"}],"replies":[{"embeddable":true,"href":"https:\/\/fraynelson.com\/blog\/wp-json\/wp\/v2\/comments?post=20689"}],"version-history":[{"count":2,"href":"https:\/\/fraynelson.com\/blog\/wp-json\/wp\/v2\/posts\/20689\/revisions"}],"predecessor-version":[{"id":20692,"href":"https:\/\/fraynelson.com\/blog\/wp-json\/wp\/v2\/posts\/20689\/revisions\/20692"}],"wp:attachment":[{"href":"https:\/\/fraynelson.com\/blog\/wp-json\/wp\/v2\/media?parent=20689"}],"wp:term":[{"taxonomy":"category","embeddable":true,"href":"https:\/\/fraynelson.com\/blog\/wp-json\/wp\/v2\/categories?post=20689"},{"taxonomy":"post_tag","embeddable":true,"href":"https:\/\/fraynelson.com\/blog\/wp-json\/wp\/v2\/tags?post=20689"}],"curies":[{"name":"wp","href":"https:\/\/api.w.org\/{rel}","templated":true}]}}