{"id":20300,"date":"2013-04-23T12:43:21","date_gmt":"2013-04-23T17:43:21","guid":{"rendered":"http:\/\/fraynelson.com\/blog\/?p=20300"},"modified":"2013-04-15T19:11:30","modified_gmt":"2013-04-16T00:11:30","slug":"la-gracia-del-jueves-25-de-abril-de-2013","status":"publish","type":"post","link":"https:\/\/fraynelson.com\/blog\/2013\/04\/23\/la-gracia-del-jueves-25-de-abril-de-2013\/","title":{"rendered":"LA GRACIA del Jueves 25 de Abril de 2013"},"content":{"rendered":"<p>FIESTA DEL EVANGELISTA SAN MARCOS<\/p>\n<p>Disc\u00edpulo de los ap\u00f3stoles Pedro y Pablo, san Marcos tiene una visi\u00f3n profunda y cercan\u00edsima del misterio de Cristo.<\/p>\n<div class=\"powerpress_player\" id=\"powerpress_player_1297\"><audio class=\"wp-audio-shortcode\" id=\"audio-20300-1\" preload=\"none\" style=\"width: 100%;\" controls=\"controls\"><source type=\"audio\/mpeg\" src=\"http:\/\/fraynelson.com\/homilias_mp3\/20130425.mp3?_=1\" \/><a href=\"http:\/\/fraynelson.com\/homilias_mp3\/20130425.mp3\">http:\/\/fraynelson.com\/homilias_mp3\/20130425.mp3<\/a><\/audio><\/div>\n<p><iframe loading=\"lazy\" title=\"LA GRACIA del Jueves 25 de Abril de 2013\" width=\"525\" height=\"295\" src=\"https:\/\/www.youtube.com\/embed\/LHlzoo51Zyo?feature=oembed\" frameborder=\"0\" allow=\"accelerometer; autoplay; clipboard-write; encrypted-media; gyroscope; picture-in-picture; web-share\" referrerpolicy=\"strict-origin-when-cross-origin\" allowfullscreen><\/iframe><\/p>\n","protected":false},"excerpt":{"rendered":"<p>FIESTA DEL EVANGELISTA SAN MARCOS Disc\u00edpulo de los ap\u00f3stoles Pedro y Pablo, san Marcos tiene una visi\u00f3n profunda y cercan\u00edsima del misterio de Cristo.<\/p>\n","protected":false},"author":1138,"featured_media":0,"comment_status":"closed","ping_status":"closed","sticky":false,"template":"","format":"standard","meta":{"footnotes":""},"categories":[291,307,841,656,302],"tags":[],"class_list":["post-20300","post","type-post","status-publish","format-standard","hentry","category-audio","category-homilias","category-micro-homilias","category-san_marcos","category-video"],"jetpack_featured_media_url":"","_links":{"self":[{"href":"https:\/\/fraynelson.com\/blog\/wp-json\/wp\/v2\/posts\/20300","targetHints":{"allow":["GET"]}}],"collection":[{"href":"https:\/\/fraynelson.com\/blog\/wp-json\/wp\/v2\/posts"}],"about":[{"href":"https:\/\/fraynelson.com\/blog\/wp-json\/wp\/v2\/types\/post"}],"author":[{"embeddable":true,"href":"https:\/\/fraynelson.com\/blog\/wp-json\/wp\/v2\/users\/1138"}],"replies":[{"embeddable":true,"href":"https:\/\/fraynelson.com\/blog\/wp-json\/wp\/v2\/comments?post=20300"}],"version-history":[{"count":1,"href":"https:\/\/fraynelson.com\/blog\/wp-json\/wp\/v2\/posts\/20300\/revisions"}],"predecessor-version":[{"id":20307,"href":"https:\/\/fraynelson.com\/blog\/wp-json\/wp\/v2\/posts\/20300\/revisions\/20307"}],"wp:attachment":[{"href":"https:\/\/fraynelson.com\/blog\/wp-json\/wp\/v2\/media?parent=20300"}],"wp:term":[{"taxonomy":"category","embeddable":true,"href":"https:\/\/fraynelson.com\/blog\/wp-json\/wp\/v2\/categories?post=20300"},{"taxonomy":"post_tag","embeddable":true,"href":"https:\/\/fraynelson.com\/blog\/wp-json\/wp\/v2\/tags?post=20300"}],"curies":[{"name":"wp","href":"https:\/\/api.w.org\/{rel}","templated":true}]}}