{"id":19867,"date":"2013-03-21T00:12:47","date_gmt":"2013-03-21T05:12:47","guid":{"rendered":"http:\/\/fraynelson.com\/blog\/?p=19867"},"modified":"2013-03-17T17:38:21","modified_gmt":"2013-03-17T22:38:21","slug":"xxi-aniversario-de-mi-ordenacion-sacerdotal","status":"publish","type":"post","link":"https:\/\/fraynelson.com\/blog\/2013\/03\/21\/xxi-aniversario-de-mi-ordenacion-sacerdotal\/","title":{"rendered":"XXI Aniversario de mi Ordenacion Sacerdotal"},"content":{"rendered":"<p>La primera palabra<br \/>\nque asoma a mis labios<br \/>\nes siempre gracias.<\/p>\n<p>Cuando veo el altar,<br \/>\nsus cirios encendidos,<br \/>\ny la hermosa asamblea,<br \/>\nhermosa por ser tuya, Jes\u00fas,<br \/>\ny pienso que tambi\u00e9n es m\u00eda,<br \/>\ny que tu altar es el m\u00edo,<br \/>\ny tus palabras m\u00edas tambi\u00e9n son,<br \/>\n\u00bfqu\u00e9 quieres que diga?<br \/>\n\u00bfQu\u00e9 puedo yo pensar?<br \/>\nAntes que cualquier pensamiento<br \/>\nla primera palabra<br \/>\nque asoma a mis labios<br \/>\nes siempre gracias.<\/p>\n<p>Cuando tomo asiento cerca<br \/>\ndel pecador arrepentido,<br \/>\ny escucho que el miedo cede<br \/>\ny da paso a la confianza;<br \/>\ny veo que los ojos brillan<br \/>\ncon l\u00e1grimas de un gozo de pascua;<br \/>\ny de sus guaridas huye el diablo<br \/>\nincapaz de la luz con que le hieres,<br \/>\n\u00bfqu\u00e9 quieres que diga?<br \/>\n\u00bfQu\u00e9 puedo yo sentir?<br \/>\nAntes que cualquier sentimiento<br \/>\nla primera palabra<br \/>\nque asoma a mis labios<br \/>\nes siempre gracias.<\/p>\n<p>Cuando recibo a aquellos dos,<br \/>\nque tanto se han amado y se aman:<br \/>\nella, hermosa como princesa,<br \/>\n\u00e9l, galante como un rey;<br \/>\ny les veo esperar de mi boca una voz<br \/>\nque enlace su amor con el de Dios;<br \/>\ny s\u00e9 que la Iglesia me pide<br \/>\nque sea testigo cualificado<br \/>\nde ese fuego que les une<br \/>\ny que les funde en el Eterno,<br \/>\n\u00bfqu\u00e9 quieres que diga?<br \/>\n\u00bfQu\u00e9 puedo yo cantar?<br \/>\nAntes que cualquier melod\u00eda<br \/>\nla primera palabra<br \/>\nque asoma a mis labios<br \/>\nes siempre gracias.<\/p>\n<p>Cuando tomo en mis brazos<br \/>\naquella peque\u00f1a criatura,<br \/>\ntoda vestida de Pascua,<br \/>\nque tan a menudo duerme,<br \/>\ny que s\u00f3lo sabe confiar.<br \/>\nY los pap\u00e1s y los padrinos,<br \/>\nfelices e impacientes,<br \/>\naguardan que la Iglesia<br \/>\nreciba su hijo como propio,<br \/>\ny que, del agua y del Esp\u00edritu<br \/>\nrenazca para ya nunca morir,<br \/>\n\u00bfqu\u00e9 quieres que diga?<br \/>\n\u00bfQu\u00e9 puedo yo imaginar?<br \/>\nAntes que cualquier maravilla<br \/>\nla primera palabra<br \/>\nque asoma a mis labios<br \/>\nes siempre gracias.<\/p>\n<p>Cuando me acerco al lecho<br \/>\nde uno que ya agoniza,<br \/>\ny en su mirada entreabierta<br \/>\nme dice, sin duda alguna,<br \/>\nque ya no ve tanto este mundo<br \/>\nsino aquel otro que se le acerca;<br \/>\ny con solemne gesto le unjo<br \/>\nbendiciendo sus manos y su frente,<br \/>\npor despertar a\u00fan m\u00e1s la fe en el alma<br \/>\ny en su rostro, una sonrisa,<br \/>\n\u00bfqu\u00e9 quieres que diga?<br \/>\n\u00bfQu\u00e9 puedo yo recordar?<br \/>\nAntes que cualquier recuerdo<br \/>\nla primera palabra<br \/>\nque asoma a mis labios<br \/>\nes siempre gracias.<\/p>\n<p>S\u00ed, mi Se\u00f1or y mi Dios:<br \/>\nGracias, Gracias y Gracias.<\/p>\n<p>Gracias que me has dado<br \/>\npara ser ministro tuyo,<br \/>\ny gracias que yo te doy,<br \/>\npor ser ministro tuyo.<\/p>\n<p>S\u00ed, mi bendito Salvador:<br \/>\nGracias, Gracias y Gracias.<\/p>\n<p>Lo bueno sea para tu honra;<br \/>\nlo malo para mi conversi\u00f3n.<\/p>\n<p>Jes\u00fas: te amo.<br \/>\nJes\u00fas: misericordia.<br \/>\nJes\u00fas: alabado seas, y amado y obedecido.<\/p>\n<p>Am\u00e9n.<\/p>\n","protected":false},"excerpt":{"rendered":"<p>La primera palabra que asoma a mis labios es siempre gracias. Cuando veo el altar, sus cirios encendidos, y la hermosa asamblea, hermosa por ser tuya, Jes\u00fas, y pienso que tambi\u00e9n es m\u00eda, y que tu altar es el m\u00edo, y tus palabras m\u00edas tambi\u00e9n son, \u00bfqu\u00e9 quieres que diga? \u00bfQu\u00e9 puedo yo pensar? Antes &hellip; <\/p>\n<p class=\"link-more\"><a href=\"https:\/\/fraynelson.com\/blog\/2013\/03\/21\/xxi-aniversario-de-mi-ordenacion-sacerdotal\/\" class=\"more-link\">Continuar leyendo<span class=\"screen-reader-text\"> &#8220;XXI Aniversario de mi Ordenacion Sacerdotal&#8221;<\/span><\/a><\/p>\n","protected":false},"author":1138,"featured_media":0,"comment_status":"closed","ping_status":"closed","sticky":false,"template":"","format":"standard","meta":{"footnotes":""},"categories":[455,3,42],"tags":[],"class_list":["post-19867","post","type-post","status-publish","format-standard","hentry","category-agradecimiento","category-noticias-personales","category-sacerdotes-y-vocaciones"],"jetpack_featured_media_url":"","_links":{"self":[{"href":"https:\/\/fraynelson.com\/blog\/wp-json\/wp\/v2\/posts\/19867","targetHints":{"allow":["GET"]}}],"collection":[{"href":"https:\/\/fraynelson.com\/blog\/wp-json\/wp\/v2\/posts"}],"about":[{"href":"https:\/\/fraynelson.com\/blog\/wp-json\/wp\/v2\/types\/post"}],"author":[{"embeddable":true,"href":"https:\/\/fraynelson.com\/blog\/wp-json\/wp\/v2\/users\/1138"}],"replies":[{"embeddable":true,"href":"https:\/\/fraynelson.com\/blog\/wp-json\/wp\/v2\/comments?post=19867"}],"version-history":[{"count":5,"href":"https:\/\/fraynelson.com\/blog\/wp-json\/wp\/v2\/posts\/19867\/revisions"}],"predecessor-version":[{"id":19873,"href":"https:\/\/fraynelson.com\/blog\/wp-json\/wp\/v2\/posts\/19867\/revisions\/19873"}],"wp:attachment":[{"href":"https:\/\/fraynelson.com\/blog\/wp-json\/wp\/v2\/media?parent=19867"}],"wp:term":[{"taxonomy":"category","embeddable":true,"href":"https:\/\/fraynelson.com\/blog\/wp-json\/wp\/v2\/categories?post=19867"},{"taxonomy":"post_tag","embeddable":true,"href":"https:\/\/fraynelson.com\/blog\/wp-json\/wp\/v2\/tags?post=19867"}],"curies":[{"name":"wp","href":"https:\/\/api.w.org\/{rel}","templated":true}]}}