{"id":19775,"date":"2013-03-12T01:01:13","date_gmt":"2013-03-12T06:01:13","guid":{"rendered":"http:\/\/fraynelson.com\/blog\/?p=19775"},"modified":"2013-03-09T15:03:24","modified_gmt":"2013-03-09T20:03:24","slug":"los-catolicoperos","status":"publish","type":"post","link":"https:\/\/fraynelson.com\/blog\/2013\/03\/12\/los-catolicoperos\/","title":{"rendered":"Los Catolicoperos"},"content":{"rendered":"<p>Tristemente y en los \u00faltimos tiempos estamos escuchando personas y grupos que hacen de esta frase algo consciente, voluntario y sobre la que se llegan a dise\u00f1ar toda una estrategia de vida y acci\u00f3n, y que afirman cosas como \u201cyo soy cat\u00f3lico, pero mi grupo y yo rechazamos al papa\u201d, \u201cyo soy cat\u00f3lico, pero pertenezco a una asociaci\u00f3n de apoyo al aborto\u201d, \u201cyo soy cat\u00f3lico, pero creo que en la Eucarist\u00eda no hay una presencia real de Jes\u00fas si no que es solo un s\u00edmbolo\u201d\u2026son los \u201ccatolicoperos\u201d.<\/p>\n<p><a href=\"https:\/\/www.evernote.com\/shard\/s254\/sh\/009a587d-ad5c-4bf8-8fc2-af813c0bee5b\/dec78e76c58d83bf12993551e13340cd\" target=\"_blank\"><img decoding=\"async\" src=\"http:\/\/fraynelson.com\/banco_imagenes\/recomendados\/20130314.jpg\" alt=\"Religi\u00f3n de supermercado\" \/><\/p>\n<p>Click!<\/a><\/p>\n","protected":false},"excerpt":{"rendered":"<p>Tristemente y en los \u00faltimos tiempos estamos escuchando personas y grupos que hacen de esta frase algo consciente, voluntario y sobre la que se llegan a dise\u00f1ar toda una estrategia de vida y acci\u00f3n, y que afirman cosas como \u201cyo soy cat\u00f3lico, pero mi grupo y yo rechazamos al papa\u201d, \u201cyo soy cat\u00f3lico, pero pertenezco &hellip; <\/p>\n<p class=\"link-more\"><a href=\"https:\/\/fraynelson.com\/blog\/2013\/03\/12\/los-catolicoperos\/\" class=\"more-link\">Continuar leyendo<span class=\"screen-reader-text\"> &#8220;Los Catolicoperos&#8221;<\/span><\/a><\/p>\n","protected":false},"author":1138,"featured_media":0,"comment_status":"closed","ping_status":"closed","sticky":false,"template":"","format":"standard","meta":{"footnotes":""},"categories":[620,39,344],"tags":[],"class_list":["post-19775","post","type-post","status-publish","format-standard","hentry","category-enlaces","category-iglesia-catolica","category-vida_cristiana"],"jetpack_featured_media_url":"","_links":{"self":[{"href":"https:\/\/fraynelson.com\/blog\/wp-json\/wp\/v2\/posts\/19775","targetHints":{"allow":["GET"]}}],"collection":[{"href":"https:\/\/fraynelson.com\/blog\/wp-json\/wp\/v2\/posts"}],"about":[{"href":"https:\/\/fraynelson.com\/blog\/wp-json\/wp\/v2\/types\/post"}],"author":[{"embeddable":true,"href":"https:\/\/fraynelson.com\/blog\/wp-json\/wp\/v2\/users\/1138"}],"replies":[{"embeddable":true,"href":"https:\/\/fraynelson.com\/blog\/wp-json\/wp\/v2\/comments?post=19775"}],"version-history":[{"count":1,"href":"https:\/\/fraynelson.com\/blog\/wp-json\/wp\/v2\/posts\/19775\/revisions"}],"predecessor-version":[{"id":19776,"href":"https:\/\/fraynelson.com\/blog\/wp-json\/wp\/v2\/posts\/19775\/revisions\/19776"}],"wp:attachment":[{"href":"https:\/\/fraynelson.com\/blog\/wp-json\/wp\/v2\/media?parent=19775"}],"wp:term":[{"taxonomy":"category","embeddable":true,"href":"https:\/\/fraynelson.com\/blog\/wp-json\/wp\/v2\/categories?post=19775"},{"taxonomy":"post_tag","embeddable":true,"href":"https:\/\/fraynelson.com\/blog\/wp-json\/wp\/v2\/tags?post=19775"}],"curies":[{"name":"wp","href":"https:\/\/api.w.org\/{rel}","templated":true}]}}