{"id":19103,"date":"2013-01-24T18:30:15","date_gmt":"2013-01-24T23:30:15","guid":{"rendered":"http:\/\/fraynelson.com\/blog\/?p=19103"},"modified":"2013-01-24T18:30:16","modified_gmt":"2013-01-24T23:30:16","slug":"la-fe-del-sacerdote-7-de-7-comunidad","status":"publish","type":"post","link":"https:\/\/fraynelson.com\/blog\/2013\/01\/24\/la-fe-del-sacerdote-7-de-7-comunidad\/","title":{"rendered":"La fe del sacerdote, 7 de 7, Comunidad"},"content":{"rendered":"<p>[<em>Retiro para el clero de la Arquidi\u00f3cesis de Bucaramanga, basado en la ense\u00f1anza del ap\u00f3stol San Pablo, para el A\u00f1o de la Fe<\/em>.]<\/p>\n<p><strong>Tema 7 de 7: Comunidad. Texto base: Efesios 1,13-14<\/strong>.<\/p>\n<p>* La fe es comparable a una puerta porque da comienzo a un vida nueva. Las riquezas de esa vida nueva son las de la gracia.<\/p>\n<p>* Pero no pasamos solos por la Puerta de la Fe. La palabra misma &#8220;iglesia&#8221; (ekkles\u00eda) indica una realidad comunitaria, que brota de la Palabra recibida y compartida por todos. La Nueva Evangelizaci\u00f3n es inseparable del fomento y atenci\u00f3n pastoral a las peque\u00f1as comunidades de fe.<\/p>\n<p>* El sacerdote mismo es miembro de la comunidad, por supuesto, desde su ministerio espec\u00edfico de hacer presente a Cristo-Cabeza. Pero el sacerdote no es todo ni reemplaza a todos. M\u00e1s bien su carisma incluye el discernimiento de otros carismas en sus hermanos bautizados. Una persona que se sepa bien alimentada espiritualmente, valorada en sus capacidades y \u00fatil dentro del conjunto de comunidades de la parroquia, es una persona con sentido de pertenencia a su Iglesia Cat\u00f3lica.<\/p>\n<p>* Toda la labor nueva, muchas veces exhaustiva, que supone este modo de servir a la comunidad, s\u00f3lo es posible desde una renovaci\u00f3n en el amor: tal es el sello del Esp\u00edritu que nos permite &#8220;gustar siempre el bien y gozar de su consuelo.&#8221;<\/p>\n<div class=\"powerpress_player\" id=\"powerpress_player_6296\"><audio class=\"wp-audio-shortcode\" id=\"audio-19103-1\" preload=\"none\" style=\"width: 100%;\" controls=\"controls\"><source type=\"audio\/mpeg\" src=\"http:\/\/fraynelson.com\/conferencias\/vida_consagrada\/la_fe_del_sacerdote_7_de_7_comunidad.mp3?_=1\" \/><a href=\"http:\/\/fraynelson.com\/conferencias\/vida_consagrada\/la_fe_del_sacerdote_7_de_7_comunidad.mp3\">http:\/\/fraynelson.com\/conferencias\/vida_consagrada\/la_fe_del_sacerdote_7_de_7_comunidad.mp3<\/a><\/audio><\/div>\n","protected":false},"excerpt":{"rendered":"<p>[Retiro para el clero de la Arquidi\u00f3cesis de Bucaramanga, basado en la ense\u00f1anza del ap\u00f3stol San Pablo, para el A\u00f1o de la Fe.] Tema 7 de 7: Comunidad. Texto base: Efesios 1,13-14. * La fe es comparable a una puerta porque da comienzo a un vida nueva. Las riquezas de esa vida nueva son las &hellip; <\/p>\n<p class=\"link-more\"><a href=\"https:\/\/fraynelson.com\/blog\/2013\/01\/24\/la-fe-del-sacerdote-7-de-7-comunidad\/\" class=\"more-link\">Continuar leyendo<span class=\"screen-reader-text\"> &#8220;La fe del sacerdote, 7 de 7, Comunidad&#8221;<\/span><\/a><\/p>\n","protected":false},"author":1138,"featured_media":0,"comment_status":"closed","ping_status":"closed","sticky":false,"template":"","format":"standard","meta":{"footnotes":""},"categories":[1018,291,514,706,416,423,1052,1023,605,42],"tags":[],"class_list":["post-19103","post","type-post","status-publish","format-standard","hentry","category-ano-de-la-fe","category-audio","category-bucaramanga","category-carismas","category-comunidad","category-discernimiento","category-la-fe-del-sacerdote","category-nueva-evangelizacion","category-sacerdotes","category-sacerdotes-y-vocaciones"],"jetpack_featured_media_url":"","_links":{"self":[{"href":"https:\/\/fraynelson.com\/blog\/wp-json\/wp\/v2\/posts\/19103","targetHints":{"allow":["GET"]}}],"collection":[{"href":"https:\/\/fraynelson.com\/blog\/wp-json\/wp\/v2\/posts"}],"about":[{"href":"https:\/\/fraynelson.com\/blog\/wp-json\/wp\/v2\/types\/post"}],"author":[{"embeddable":true,"href":"https:\/\/fraynelson.com\/blog\/wp-json\/wp\/v2\/users\/1138"}],"replies":[{"embeddable":true,"href":"https:\/\/fraynelson.com\/blog\/wp-json\/wp\/v2\/comments?post=19103"}],"version-history":[{"count":3,"href":"https:\/\/fraynelson.com\/blog\/wp-json\/wp\/v2\/posts\/19103\/revisions"}],"predecessor-version":[{"id":19117,"href":"https:\/\/fraynelson.com\/blog\/wp-json\/wp\/v2\/posts\/19103\/revisions\/19117"}],"wp:attachment":[{"href":"https:\/\/fraynelson.com\/blog\/wp-json\/wp\/v2\/media?parent=19103"}],"wp:term":[{"taxonomy":"category","embeddable":true,"href":"https:\/\/fraynelson.com\/blog\/wp-json\/wp\/v2\/categories?post=19103"},{"taxonomy":"post_tag","embeddable":true,"href":"https:\/\/fraynelson.com\/blog\/wp-json\/wp\/v2\/tags?post=19103"}],"curies":[{"name":"wp","href":"https:\/\/api.w.org\/{rel}","templated":true}]}}