{"id":18593,"date":"2013-01-06T01:44:25","date_gmt":"2013-01-06T06:44:25","guid":{"rendered":"http:\/\/fraynelson.com\/blog\/?p=18593"},"modified":"2013-01-06T01:44:26","modified_gmt":"2013-01-06T06:44:26","slug":"la-ciencia-y-el-origen-de-la-vida-humana","status":"publish","type":"post","link":"https:\/\/fraynelson.com\/blog\/2013\/01\/06\/la-ciencia-y-el-origen-de-la-vida-humana\/","title":{"rendered":"La ciencia y el origen de la vida humana"},"content":{"rendered":"<p>&#8220;En el tiempo en que el zigoto formado por la fecundaci\u00f3n del \u00f3vulo por el espermatozoide inicia su paso a embri\u00f3n de dos c\u00e9lulas. Las ciencias experimentales han demostrado en los \u00faltimos a\u00f1os que la existencia de un ser humano comienza tras el tiempo de la fecundaci\u00f3n, cuando se ha elaborado su propia identidad gen\u00e9tica, a partir de la herencia recibida de sus padres, y su material gen\u00e9tico est\u00e1 en situaci\u00f3n de iniciar su desarrollo&#8230;&#8221;<br \/>\n<a href=\"https:\/\/www.evernote.com\/shard\/s254\/sh\/e145ef1a-0718-4d21-9ebe-c34814402c5f\/e0a7d43f7e99b1a3147772e9bc9acb99\" target=\"_blank\"><br \/>\n<img decoding=\"async\" src=\"http:\/\/fraynelson.com\/banco_imagenes\/recomendados\/20130108.jpg\" alt=\"Ciencia y origen de la vida\" \/><\/p>\n<p>Click!<\/a><\/p>\n","protected":false},"excerpt":{"rendered":"<p>&#8220;En el tiempo en que el zigoto formado por la fecundaci\u00f3n del \u00f3vulo por el espermatozoide inicia su paso a embri\u00f3n de dos c\u00e9lulas. Las ciencias experimentales han demostrado en los \u00faltimos a\u00f1os que la existencia de un ser humano comienza tras el tiempo de la fecundaci\u00f3n, cuando se ha elaborado su propia identidad gen\u00e9tica, &hellip; <\/p>\n<p class=\"link-more\"><a href=\"https:\/\/fraynelson.com\/blog\/2013\/01\/06\/la-ciencia-y-el-origen-de-la-vida-humana\/\" class=\"more-link\">Continuar leyendo<span class=\"screen-reader-text\"> &#8220;La ciencia y el origen de la vida humana&#8221;<\/span><\/a><\/p>\n","protected":false},"author":1138,"featured_media":0,"comment_status":"closed","ping_status":"closed","sticky":false,"template":"","format":"standard","meta":{"footnotes":""},"categories":[558,620],"tags":[],"class_list":["post-18593","post","type-post","status-publish","format-standard","hentry","category-defensa_de_la_vida","category-enlaces"],"jetpack_featured_media_url":"","_links":{"self":[{"href":"https:\/\/fraynelson.com\/blog\/wp-json\/wp\/v2\/posts\/18593","targetHints":{"allow":["GET"]}}],"collection":[{"href":"https:\/\/fraynelson.com\/blog\/wp-json\/wp\/v2\/posts"}],"about":[{"href":"https:\/\/fraynelson.com\/blog\/wp-json\/wp\/v2\/types\/post"}],"author":[{"embeddable":true,"href":"https:\/\/fraynelson.com\/blog\/wp-json\/wp\/v2\/users\/1138"}],"replies":[{"embeddable":true,"href":"https:\/\/fraynelson.com\/blog\/wp-json\/wp\/v2\/comments?post=18593"}],"version-history":[{"count":2,"href":"https:\/\/fraynelson.com\/blog\/wp-json\/wp\/v2\/posts\/18593\/revisions"}],"predecessor-version":[{"id":18624,"href":"https:\/\/fraynelson.com\/blog\/wp-json\/wp\/v2\/posts\/18593\/revisions\/18624"}],"wp:attachment":[{"href":"https:\/\/fraynelson.com\/blog\/wp-json\/wp\/v2\/media?parent=18593"}],"wp:term":[{"taxonomy":"category","embeddable":true,"href":"https:\/\/fraynelson.com\/blog\/wp-json\/wp\/v2\/categories?post=18593"},{"taxonomy":"post_tag","embeddable":true,"href":"https:\/\/fraynelson.com\/blog\/wp-json\/wp\/v2\/tags?post=18593"}],"curies":[{"name":"wp","href":"https:\/\/api.w.org\/{rel}","templated":true}]}}