{"id":18380,"date":"2012-12-24T15:58:49","date_gmt":"2012-12-24T20:58:49","guid":{"rendered":"http:\/\/fraynelson.com\/blog\/?p=18380"},"modified":"2012-12-24T15:58:49","modified_gmt":"2012-12-24T20:58:49","slug":"sobre-el-acto-de-recibir-la-sagrada-comunion","status":"publish","type":"post","link":"https:\/\/fraynelson.com\/blog\/2012\/12\/24\/sobre-el-acto-de-recibir-la-sagrada-comunion\/","title":{"rendered":"Sobre el acto de recibir la sagrada comunion"},"content":{"rendered":"<p><strong>Yo no prefiero que se reciba la comuni\u00f3n en la mano<\/strong> pero tampoco puedo decir lo que no es cierto, es decir, que est\u00e1 prohibido porque no lo est\u00e1. Ni tampoco puedo ense\u00f1ar lo que tampoco es cierto: que implica profanaci\u00f3n. <img decoding=\"async\" src=\"http:\/\/fraynelson.com\/banco_imagenes\/comunion.jpg\" align=\"right\" alt=\"comuni\u00f3n\" title=\"comuni\u00f3n\" \/>Lo que yo prefiero es que se comulgue en la boca, y de rodillas, pero no soy autoridad para imponerlo, ni tampoco estoy seguro de que esas cosas funcionen mejor impuestas.<\/p>\n<p>Si se piensa bien, la raz\u00f3n para comulgar de rodillas y en la boca es por la <strong>manifestaci\u00f3n exterior de una actitud interior<\/strong>, que finalmente es la m\u00e1s importante. Porque en lo que ata\u00f1e a nuestro cuerpo, no s\u00f3lo nuestras manos sino tambi\u00e9n nuestra boca, nuestra lengua, y todo nuestro ser son indignos de Cristo, el Santo de Dios. \u00bfO es que son indignas las manos y son en cambio dignos los dientes o la lengua?<\/p>\n<p><strong>Nadie recibe la comuni\u00f3n por ser digno con dignidad de igualdad<\/strong>. La dignidad que nos permite comulgar es el acto consecuente de rechazar el pecado y el acto resuelto de arrojarnos en la infinita misericordia de Jes\u00fas. El rechazo consecuente del pecado implica lo que nos ense\u00f1a la Iglesia sobre estar en estado de gracia, lo cual implica una buena confesi\u00f3n si la conciencia nos indica que estamos en pecado mortal. La confianza en la misericordia implica apoyarnos en la grandeza de su amor que suple una multitud de nuestras deficiencias e ignorancias.<\/p>\n<p>Debe aclararse que el Papa Benedicto XVI no ha dicho que hay que recibir la Comuni\u00f3n en la boca y de rodillas; ni tampoco el muy querido <a href=\"http:\/\/infocatolica.com\/?t=noticia&amp;cod=9666\" target=\"_blank\">Cardenal Ca\u00f1izares<\/a>, Prefecto de la Congregaci\u00f3n para el Culto Divino, ha dicho eso. <strong>Ellos han mostrado de obra y de palabra muy claramente su preferencia y por qu\u00e9 es mejor hacerlo as\u00ed<\/strong>, dando razones que muchos, y entre ellos yo mismo, tenemos como v\u00e1lidas en la mente y el coraz\u00f3n. Una buena s\u00edntesis puede leerse (en ingl\u00e9s) <a href=\"http:\/\/www.vatican.va\/news_services\/liturgy\/details\/ns_lit_doc_20100526_communion_en.html\" target=\"_blank\">aqu\u00ed<\/a>. Pero pido que no pretendamos volver todo obligaci\u00f3n porque no es esa la ley de la Iglesia.<\/p>\n<p>M\u00e1s que causar confusi\u00f3n equiparando sacrilegios y blasfemias con el acto de recibir la sagrada comuni\u00f3n en la mano, <strong>lo verdaderamente \u00fatil es mostrar de palabra y de obra el infinito valor del sacramento eucar\u00edstico<\/strong>, de modo que sea en primer lugar nuestro coraz\u00f3n el que est\u00e9 postrado y rendido ante la majestad de Jes\u00fas en la Divina Eucarist\u00eda.<\/p>\n","protected":false},"excerpt":{"rendered":"<p>Yo no prefiero que se reciba la comuni\u00f3n en la mano pero tampoco puedo decir lo que no es cierto, es decir, que est\u00e1 prohibido porque no lo est\u00e1. Ni tampoco puedo ense\u00f1ar lo que tampoco es cierto: que implica profanaci\u00f3n. Lo que yo prefiero es que se comulgue en la boca, y de rodillas, &hellip; <\/p>\n<p class=\"link-more\"><a href=\"https:\/\/fraynelson.com\/blog\/2012\/12\/24\/sobre-el-acto-de-recibir-la-sagrada-comunion\/\" class=\"more-link\">Continuar leyendo<span class=\"screen-reader-text\"> &#8220;Sobre el acto de recibir la sagrada comunion&#8221;<\/span><\/a><\/p>\n","protected":false},"author":1138,"featured_media":0,"comment_status":"closed","ping_status":"closed","sticky":false,"template":"","format":"standard","meta":{"footnotes":""},"categories":[469,431],"tags":[],"class_list":["post-18380","post","type-post","status-publish","format-standard","hentry","category-eucaristia","category-liturgia"],"jetpack_featured_media_url":"","_links":{"self":[{"href":"https:\/\/fraynelson.com\/blog\/wp-json\/wp\/v2\/posts\/18380","targetHints":{"allow":["GET"]}}],"collection":[{"href":"https:\/\/fraynelson.com\/blog\/wp-json\/wp\/v2\/posts"}],"about":[{"href":"https:\/\/fraynelson.com\/blog\/wp-json\/wp\/v2\/types\/post"}],"author":[{"embeddable":true,"href":"https:\/\/fraynelson.com\/blog\/wp-json\/wp\/v2\/users\/1138"}],"replies":[{"embeddable":true,"href":"https:\/\/fraynelson.com\/blog\/wp-json\/wp\/v2\/comments?post=18380"}],"version-history":[{"count":2,"href":"https:\/\/fraynelson.com\/blog\/wp-json\/wp\/v2\/posts\/18380\/revisions"}],"predecessor-version":[{"id":18394,"href":"https:\/\/fraynelson.com\/blog\/wp-json\/wp\/v2\/posts\/18380\/revisions\/18394"}],"wp:attachment":[{"href":"https:\/\/fraynelson.com\/blog\/wp-json\/wp\/v2\/media?parent=18380"}],"wp:term":[{"taxonomy":"category","embeddable":true,"href":"https:\/\/fraynelson.com\/blog\/wp-json\/wp\/v2\/categories?post=18380"},{"taxonomy":"post_tag","embeddable":true,"href":"https:\/\/fraynelson.com\/blog\/wp-json\/wp\/v2\/tags?post=18380"}],"curies":[{"name":"wp","href":"https:\/\/api.w.org\/{rel}","templated":true}]}}