{"id":18228,"date":"2012-12-19T01:25:50","date_gmt":"2012-12-19T06:25:50","guid":{"rendered":"http:\/\/fraynelson.com\/blog\/?p=18228"},"modified":"2012-12-19T01:26:00","modified_gmt":"2012-12-19T06:26:00","slug":"a-manera-de-conclusion-del-abc-de-la-oracion","status":"publish","type":"post","link":"https:\/\/fraynelson.com\/blog\/2012\/12\/19\/a-manera-de-conclusion-del-abc-de-la-oracion\/","title":{"rendered":"A manera de conclusion del ABC de la Oracion"},"content":{"rendered":"<p>10. Concluiremos aclarando que nuestra alma adquiere vida por los Sacramentos. Y despierta el alma con la pr\u00e1ctica sincera de los mismos y por el desapego. Se activa, en la medida que nos negamos a nosotros mismos siguiendo a Cristo con su Cruz; y, en la medida que la tomamos en cuenta.<\/p>\n<p>\u00bfC\u00f3mo nos damos cuenta que nuestra alma est\u00e1 viva y despierta? Cuando lo que m\u00e1s queremos es hablar u o\u00edr hablar del Amado Dios. Cuando deseamos y valoramos -como el sediento el agua y los oasis- los Sacramentos, y el visitar al Sant\u00edsimo en el Sagrario; en fin, cuando necesitamos tanto a Dios como el que se asfixia necesita al aire oxigenado.<\/p>\n<p>Un alma viva, despierta y activa ans\u00eda orar porque la oraci\u00f3n es alimento vital para ella. Est\u00e1 despierta, tiene los ojos abiertos, cuando ve en el hermano, no la apariencia, sino ve en \u00e9l un alma inmortal, imagen y semejanza divinas; y ve adem\u00e1s a Dios en el alma, y calladamente y con pudor, le brinda el propio coraz\u00f3n, pues son hermanos, hijos de Dios en el Hijo.<\/p>\n<p>Podemos decir tambi\u00e9n que quien se ejercita en el ABC de la oraci\u00f3n es disc\u00edpulo de Cristo, puesto que para ambos es necesario cumplir su condici\u00f3n: \u201cEl que no toma su cruz y viene en pos de M\u00ed, no puede ser mi disc\u00edpulo\u201d (Lc 14, 27). No puede orar con \u00c9l.<\/p>\n<p>Pidamos queridos hermanos al Padre Bueno el don de su Esp\u00edritu de gracia y oraci\u00f3n. Pidamos nos admita en la Escuela de Oraci\u00f3n divina. Pidamos dar los primeros pasos en la oraci\u00f3n vertical (que se eleva al cielo por medio de la Cruz); y, pidamos, que el ABC de la oraci\u00f3n se empiece a aclarar en nuestras almas, para comprender la oraci\u00f3n de Cristo, dulce Mar\u00eda y san Jos\u00e9.<\/p>\n<p>[Autor: Juan de Jes\u00fas y Mar\u00eda.]<\/p>\n","protected":false},"excerpt":{"rendered":"<p>10. Concluiremos aclarando que nuestra alma adquiere vida por los Sacramentos. Y despierta el alma con la pr\u00e1ctica sincera de los mismos y por el desapego. Se activa, en la medida que nos negamos a nosotros mismos siguiendo a Cristo con su Cruz; y, en la medida que la tomamos en cuenta. \u00bfC\u00f3mo nos damos &hellip; <\/p>\n<p class=\"link-more\"><a href=\"https:\/\/fraynelson.com\/blog\/2012\/12\/19\/a-manera-de-conclusion-del-abc-de-la-oracion\/\" class=\"more-link\">Continuar leyendo<span class=\"screen-reader-text\"> &#8220;A manera de conclusion del ABC de la Oracion&#8221;<\/span><\/a><\/p>\n","protected":false},"author":1138,"featured_media":0,"comment_status":"closed","ping_status":"closed","sticky":false,"template":"","format":"standard","meta":{"footnotes":""},"categories":[1020,432],"tags":[],"class_list":["post-18228","post","type-post","status-publish","format-standard","hentry","category-abc-de-la-oracion","category-espiritualidad"],"jetpack_featured_media_url":"","_links":{"self":[{"href":"https:\/\/fraynelson.com\/blog\/wp-json\/wp\/v2\/posts\/18228","targetHints":{"allow":["GET"]}}],"collection":[{"href":"https:\/\/fraynelson.com\/blog\/wp-json\/wp\/v2\/posts"}],"about":[{"href":"https:\/\/fraynelson.com\/blog\/wp-json\/wp\/v2\/types\/post"}],"author":[{"embeddable":true,"href":"https:\/\/fraynelson.com\/blog\/wp-json\/wp\/v2\/users\/1138"}],"replies":[{"embeddable":true,"href":"https:\/\/fraynelson.com\/blog\/wp-json\/wp\/v2\/comments?post=18228"}],"version-history":[{"count":2,"href":"https:\/\/fraynelson.com\/blog\/wp-json\/wp\/v2\/posts\/18228\/revisions"}],"predecessor-version":[{"id":18246,"href":"https:\/\/fraynelson.com\/blog\/wp-json\/wp\/v2\/posts\/18228\/revisions\/18246"}],"wp:attachment":[{"href":"https:\/\/fraynelson.com\/blog\/wp-json\/wp\/v2\/media?parent=18228"}],"wp:term":[{"taxonomy":"category","embeddable":true,"href":"https:\/\/fraynelson.com\/blog\/wp-json\/wp\/v2\/categories?post=18228"},{"taxonomy":"post_tag","embeddable":true,"href":"https:\/\/fraynelson.com\/blog\/wp-json\/wp\/v2\/tags?post=18228"}],"curies":[{"name":"wp","href":"https:\/\/api.w.org\/{rel}","templated":true}]}}