{"id":1782,"date":"2006-06-07T23:29:23","date_gmt":"2006-06-08T04:29:23","guid":{"rendered":"41264613"},"modified":"2006-06-07T23:29:23","modified_gmt":"2006-06-07T23:29:23","slug":"viacrucis_primera_estacion","status":"publish","type":"post","link":"https:\/\/fraynelson.com\/blog\/2006\/06\/07\/viacrucis_primera_estacion\/","title":{"rendered":"Viacrucis &#8211; Primera Estaci\u00f3n"},"content":{"rendered":"<p><strong>JES\u00daS ES CONDENADO A MUERTE.<\/strong><\/p>\n<p>Te adoramos, oh Cristo&#8230;<\/p>\n<p>&#8220;En Pascua, Pilato conced\u00eda la libertad a un preso.<br \/>\nHab\u00eda entonces uno llamado Barrab\u00e1s. Un homicida.<br \/>\nLa gente pidi\u00f3 que les soltaran a Barrab\u00e1s.<br \/>\n-\u00bfY qu\u00e9 hago con el que llam\u00e1is rey de los jud\u00edos?<br \/>\nEllos gritaron: -\u00a1Crucif\u00edcale!<br \/>\nPilato pregunt\u00f3: Pues \u00bfcu\u00e1l es su delito?<br \/>\nPero ellos gritaban m\u00e1s y m\u00e1s: -\u00a1Crucif\u00edcale!<br \/>\nEntonces Pilato, queriendo quedar bien con la gente, orden\u00f3 que pusieran en libertad a Barrab\u00e1s<br \/>\ny que a Jes\u00fas le azotaran y le crucificaran.<\/p>\n<p>\nOtra vez hemos condenado al inocente, a tantos inocentes &#8230; Porque es m\u00e1s f\u00e1cil condenar que comprender, m\u00e1s c\u00f3modo rechazar que compartir,<br \/>\nmenos comprometido callar que defender.<br \/>\nY en cada inocente condenado, condenamos a Jes\u00fas a morir en la cruz, en la cruz del desprecio, del hambre,<br \/>\ndel abandono, de la indiferencia.<\/p>\n<p>Ens\u00e9\u00f1anos, Se\u00f1or, a no condenar.<br \/>\nPadrenuestro\u2026<\/p>\n<p>Cristo nos da la Libertad, S, E, Amor.<\/p>\n<p>Caminar\u00e9 en presencia del Se\u00f1or.<\/p>\n","protected":false},"excerpt":{"rendered":"<p>JES\u00daS ES CONDENADO A MUERTE. Te adoramos, oh Cristo&#8230; &#8220;En Pascua, Pilato conced\u00eda la libertad a un preso. Hab\u00eda entonces uno llamado Barrab\u00e1s. Un homicida. La gente pidi\u00f3 que les soltaran a Barrab\u00e1s. -\u00bfY qu\u00e9 hago con el que llam\u00e1is rey de los jud\u00edos? Ellos gritaron: -\u00a1Crucif\u00edcale! Pilato pregunt\u00f3: Pues \u00bfcu\u00e1l es su delito? Pero &hellip; <\/p>\n<p class=\"link-more\"><a href=\"https:\/\/fraynelson.com\/blog\/2006\/06\/07\/viacrucis_primera_estacion\/\" class=\"more-link\">Continuar leyendo<span class=\"screen-reader-text\"> &#8220;Viacrucis &#8211; Primera Estaci\u00f3n&#8221;<\/span><\/a><\/p>\n","protected":false},"author":1138,"featured_media":0,"comment_status":"open","ping_status":"open","sticky":false,"template":"","format":"standard","meta":{"footnotes":""},"categories":[59],"tags":[],"class_list":["post-1782","post","type-post","status-publish","format-standard","hentry","category-apuntes-teologicos"],"jetpack_featured_media_url":"","_links":{"self":[{"href":"https:\/\/fraynelson.com\/blog\/wp-json\/wp\/v2\/posts\/1782","targetHints":{"allow":["GET"]}}],"collection":[{"href":"https:\/\/fraynelson.com\/blog\/wp-json\/wp\/v2\/posts"}],"about":[{"href":"https:\/\/fraynelson.com\/blog\/wp-json\/wp\/v2\/types\/post"}],"author":[{"embeddable":true,"href":"https:\/\/fraynelson.com\/blog\/wp-json\/wp\/v2\/users\/1138"}],"replies":[{"embeddable":true,"href":"https:\/\/fraynelson.com\/blog\/wp-json\/wp\/v2\/comments?post=1782"}],"version-history":[{"count":0,"href":"https:\/\/fraynelson.com\/blog\/wp-json\/wp\/v2\/posts\/1782\/revisions"}],"wp:attachment":[{"href":"https:\/\/fraynelson.com\/blog\/wp-json\/wp\/v2\/media?parent=1782"}],"wp:term":[{"taxonomy":"category","embeddable":true,"href":"https:\/\/fraynelson.com\/blog\/wp-json\/wp\/v2\/categories?post=1782"},{"taxonomy":"post_tag","embeddable":true,"href":"https:\/\/fraynelson.com\/blog\/wp-json\/wp\/v2\/tags?post=1782"}],"curies":[{"name":"wp","href":"https:\/\/api.w.org\/{rel}","templated":true}]}}