{"id":17527,"date":"2012-11-28T01:29:15","date_gmt":"2012-11-28T06:29:15","guid":{"rendered":"http:\/\/fraynelson.com\/blog\/?p=17527"},"modified":"2012-11-27T16:30:55","modified_gmt":"2012-11-27T21:30:55","slug":"hay-que-orar-con-el-corazon","status":"publish","type":"post","link":"https:\/\/fraynelson.com\/blog\/2012\/11\/28\/hay-que-orar-con-el-corazon\/","title":{"rendered":"Hay que orar con el coraz\u00f3n"},"content":{"rendered":"<p>7. \u00bfCu\u00e1l es la C del ABC de la oraci\u00f3n? La C representa al coraz\u00f3n, o al alma seg\u00fan la Doctrina de la Iglesia; y, tambi\u00e9n, a la Cruz de Cristo.<\/p>\n<p>Hay que orar con el coraz\u00f3n, o con toda el alma. Pues quien no ora con el coraz\u00f3n est\u00e1 en la hipocres\u00eda o en la simulaci\u00f3n casi siempre. Por esto nuestro Se\u00f1or reprend\u00eda a algunos del pueblo de Israel:<\/p>\n<p>\u201cQu\u00e9 bien profetiz\u00f3 Isa\u00edas sobre ustedes, hip\u00f3critas, cuando escribi\u00f3: Este pueblo me honra con los labios, pero su coraz\u00f3n est\u00e1 lejos de m\u00ed. Es in\u00fatil el culto que me rinden, porque ense\u00f1an doctrinas que no son sino preceptos humanos. Ustedes dejan a un lado el mandamiento de Dios, para aferrarse a las tradiciones de los hombres\u201d (Mc 7, 6-8).<\/p>\n<p>Y nos aclara el Magisterio: \u201c\u00bfDe d\u00f3nde viene la oraci\u00f3n del hombre? Cualquiera que sea el lenguaje de la oraci\u00f3n (gestos y palabras), el que ora es todo el hombre. Sin embargo, para designar el lugar de donde brota la oraci\u00f3n, las Escrituras hablan a veces del alma o del esp\u00edritu, y con m\u00e1s frecuencia del coraz\u00f3n (m\u00e1s de mil veces). Es el coraz\u00f3n el que ora. Si \u00e9ste est\u00e1 alejado de Dios, la expresi\u00f3n de la oraci\u00f3n es vana\u201d (CEC 2562).<\/p>\n<p>O sea, si en la oraci\u00f3n que hacemos a Dios no se integra nuestra alma, nuestra oraci\u00f3n es vana, o al menos poco efectiva. La mayor\u00eda de nosotros sabemos que tenemos un alma inmortal, pero no la conocemos, y mucho menos la invitamos a la oraci\u00f3n: no la tomamos en cuenta. Veamos c\u00f3mo ora nuestra dulce Madre celestial tomando en cuenta a su alma y a su esp\u00edritu:<\/p>\n<p>\u201cEngrandece mi alma al Se\u00f1or y mi esp\u00edritu se alegra en Dios mi salvador\u201d (Lc 1, 46, 47).<\/p>\n<p>Y c\u00f3mo tambi\u00e9n la toma en cuenta y la invita en la oraci\u00f3n el salmista:<\/p>\n<p>\u201cBendice alma m\u00eda, a Yahv\u00e9, el fondo de mi ser [el esp\u00edritu], a su santo nombre. Bendice, alma m\u00eda, a Yahv\u00e9, nunca olvides sus beneficios\u201d (Sal 103. 1, 2).<\/p>\n<p>Al orar la mayor\u00eda de nosotros no consideramos que es menester ponernos ante Dios con coraz\u00f3n (alma) contrito y esp\u00edritu humillado; tampoco le pedimos al Santo Esp\u00edritu de Dios que nos una a \u00c9l en la oraci\u00f3n; y mucho menos tomamos en cuenta a nuestra alma, invit\u00e1ndola a formar parte de dicha oraci\u00f3n. Es por esto que nuestra oraci\u00f3n -por no saber el ABC de la oraci\u00f3n- poca fuerza tiene, le falta el \u00edmpetu y las alas para llegar al trono de Dios, y presentarse agradable a sus o\u00eddos.<\/p>\n<p>[Autor: Juan de Jes\u00fas y Mar\u00eda.]<\/p>\n","protected":false},"excerpt":{"rendered":"<p>7. \u00bfCu\u00e1l es la C del ABC de la oraci\u00f3n? La C representa al coraz\u00f3n, o al alma seg\u00fan la Doctrina de la Iglesia; y, tambi\u00e9n, a la Cruz de Cristo. Hay que orar con el coraz\u00f3n, o con toda el alma. Pues quien no ora con el coraz\u00f3n est\u00e1 en la hipocres\u00eda o en &hellip; <\/p>\n<p class=\"link-more\"><a href=\"https:\/\/fraynelson.com\/blog\/2012\/11\/28\/hay-que-orar-con-el-corazon\/\" class=\"more-link\">Continuar leyendo<span class=\"screen-reader-text\"> &#8220;Hay que orar con el coraz\u00f3n&#8221;<\/span><\/a><\/p>\n","protected":false},"author":1138,"featured_media":0,"comment_status":"closed","ping_status":"closed","sticky":false,"template":"","format":"standard","meta":{"footnotes":""},"categories":[1020,330,413],"tags":[],"class_list":["post-17527","post","type-post","status-publish","format-standard","hentry","category-abc-de-la-oracion","category-corazon","category-oracion"],"jetpack_featured_media_url":"","_links":{"self":[{"href":"https:\/\/fraynelson.com\/blog\/wp-json\/wp\/v2\/posts\/17527","targetHints":{"allow":["GET"]}}],"collection":[{"href":"https:\/\/fraynelson.com\/blog\/wp-json\/wp\/v2\/posts"}],"about":[{"href":"https:\/\/fraynelson.com\/blog\/wp-json\/wp\/v2\/types\/post"}],"author":[{"embeddable":true,"href":"https:\/\/fraynelson.com\/blog\/wp-json\/wp\/v2\/users\/1138"}],"replies":[{"embeddable":true,"href":"https:\/\/fraynelson.com\/blog\/wp-json\/wp\/v2\/comments?post=17527"}],"version-history":[{"count":1,"href":"https:\/\/fraynelson.com\/blog\/wp-json\/wp\/v2\/posts\/17527\/revisions"}],"predecessor-version":[{"id":17528,"href":"https:\/\/fraynelson.com\/blog\/wp-json\/wp\/v2\/posts\/17527\/revisions\/17528"}],"wp:attachment":[{"href":"https:\/\/fraynelson.com\/blog\/wp-json\/wp\/v2\/media?parent=17527"}],"wp:term":[{"taxonomy":"category","embeddable":true,"href":"https:\/\/fraynelson.com\/blog\/wp-json\/wp\/v2\/categories?post=17527"},{"taxonomy":"post_tag","embeddable":true,"href":"https:\/\/fraynelson.com\/blog\/wp-json\/wp\/v2\/tags?post=17527"}],"curies":[{"name":"wp","href":"https:\/\/api.w.org\/{rel}","templated":true}]}}