{"id":17331,"date":"2012-11-15T01:51:42","date_gmt":"2012-11-15T06:51:42","guid":{"rendered":"http:\/\/fraynelson.com\/blog\/?p=17331"},"modified":"2012-11-14T22:59:19","modified_gmt":"2012-11-15T03:59:19","slug":"complejidad-y-belleza-del-idioma-castellano","status":"publish","type":"post","link":"https:\/\/fraynelson.com\/blog\/2012\/11\/15\/complejidad-y-belleza-del-idioma-castellano\/","title":{"rendered":"Complejidad y belleza del idioma castellano"},"content":{"rendered":"<p> Se\u00f1ores: Un servidor,<br \/>\nPedro P\u00e9rez Paticola,<br \/>\ncual la Academia Espa\u00f1ola,<br \/>\n&#8220;Limpia, Fija y da Esplendor&#8221;.<\/p>\n<p>Y no por ganas de hablar,<br \/>\npues les voy a demostrar<br \/>\nque es preciso meter mano<br \/>\nal idioma castellano,<br \/>\ndonde hay mucho que arreglar.<\/p>\n<p>\u00bfMe quieren decir por qu\u00e9,<br \/>\nen tama\u00f1o y en esencia,<br \/>\nhay esa gran diferencia<br \/>\nentre un buque y un buqu\u00e9?<\/p>\n<p>\u00bfPor el acento? Pues yo,<br \/>\npor esa insignificancia,<br \/>\nno concibo la distancia<br \/>\nde presidio a presidi\u00f3,<br \/>\nni de tomas a Tom\u00e1s<br \/>\nni de un topo al que top\u00f3.<\/p>\n<p>\u00bfA ustedes no les asombra<br \/>\nque diciendo rico y rica,<br \/>\nmajo y maja, chico y chica,<br \/>\nno digamos hombre y hombra?<\/p>\n<p>Por eso no encuentro mal<br \/>\nsi alguno me dice cuala,<br \/>\ncomo decimos Pascuala,<br \/>\nfemenino de Pascual.<\/p>\n<p>\u00bfPor qu\u00e9 llamamos tortero<br \/>\nal que elabora una torta<br \/>\ny al sastre, que trajes corta,<br \/>\nno le llamamos trajero?<\/p>\n<p>\u00bfPor qu\u00e9 las Josefas son<br \/>\npor Pepitas conocidas,<br \/>\ncomo si fuesen salidas<br \/>\nde las tripas de un mel\u00f3n?<\/p>\n<p>\u00bfA vuestro o\u00eddo no admira,<br \/>\nlo mismo que yo lo admiro,<br \/>\nque quien descerraja un tiro,<br \/>\ndispara, pero no tira?<\/p>\n<p>Este verbo y otros mil<br \/>\nen nuestro idioma son barro;<br \/>\ntira, el que tira de un carro,<br \/>\nno el que dispara un fusil.<\/p>\n<p>De largo, sacan largueza<br \/>\nen lugar de larguedad<br \/>\ny, de corto, cortedad<br \/>\nen vez de sacar corteza.<\/p>\n<p>De igual manera me quejo<br \/>\nde ver que un libro es un tomo;<br \/>\nser\u00e1 tomo, si lo tomo,<br \/>\ny si no lo tomo, un dejo.<\/p>\n<p>Si se le llama mir\u00f3n<br \/>\nal que est\u00e1 mirando mucho,<br \/>\ncuando mucho ladre un chucho<br \/>\nse le llamar\u00e1 ladr\u00f3n.<\/p>\n<p>Porque la s\u00edlaba &#8220;on&#8221;<br \/>\nindica aumento, y extra\u00f1o<br \/>\nque a un ramo de gran tama\u00f1o<br \/>\nno se lo llame Ram\u00f3n.<\/p>\n<p>Y por la misma raz\u00f3n,<br \/>\nsi los que est\u00e1is escuchando<br \/>\nun gran rato est\u00e1is pasando,<br \/>\nest\u00e1is pasando un rat\u00f3n.<\/p>\n<p>Y sobra, para quedar<br \/>\nconvencido el m\u00e1s profano,<br \/>\nque el idioma castellano<br \/>\ntiene mucho que arreglar.<\/p>\n<p>(An\u00f3nimo)<\/p>\n","protected":false},"excerpt":{"rendered":"<p>Se\u00f1ores: Un servidor, Pedro P\u00e9rez Paticola, cual la Academia Espa\u00f1ola, &#8220;Limpia, Fija y da Esplendor&#8221;. Y no por ganas de hablar, pues les voy a demostrar que es preciso meter mano al idioma castellano, donde hay mucho que arreglar. \u00bfMe quieren decir por qu\u00e9, en tama\u00f1o y en esencia, hay esa gran diferencia entre un &hellip; <\/p>\n<p class=\"link-more\"><a href=\"https:\/\/fraynelson.com\/blog\/2012\/11\/15\/complejidad-y-belleza-del-idioma-castellano\/\" class=\"more-link\">Continuar leyendo<span class=\"screen-reader-text\"> &#8220;Complejidad y belleza del idioma castellano&#8221;<\/span><\/a><\/p>\n","protected":false},"author":1138,"featured_media":0,"comment_status":"closed","ping_status":"closed","sticky":false,"template":"","format":"standard","meta":{"footnotes":""},"categories":[68],"tags":[],"class_list":["post-17331","post","type-post","status-publish","format-standard","hentry","category-idiomas-y-lenguajes"],"jetpack_featured_media_url":"","_links":{"self":[{"href":"https:\/\/fraynelson.com\/blog\/wp-json\/wp\/v2\/posts\/17331","targetHints":{"allow":["GET"]}}],"collection":[{"href":"https:\/\/fraynelson.com\/blog\/wp-json\/wp\/v2\/posts"}],"about":[{"href":"https:\/\/fraynelson.com\/blog\/wp-json\/wp\/v2\/types\/post"}],"author":[{"embeddable":true,"href":"https:\/\/fraynelson.com\/blog\/wp-json\/wp\/v2\/users\/1138"}],"replies":[{"embeddable":true,"href":"https:\/\/fraynelson.com\/blog\/wp-json\/wp\/v2\/comments?post=17331"}],"version-history":[{"count":1,"href":"https:\/\/fraynelson.com\/blog\/wp-json\/wp\/v2\/posts\/17331\/revisions"}],"predecessor-version":[{"id":17332,"href":"https:\/\/fraynelson.com\/blog\/wp-json\/wp\/v2\/posts\/17331\/revisions\/17332"}],"wp:attachment":[{"href":"https:\/\/fraynelson.com\/blog\/wp-json\/wp\/v2\/media?parent=17331"}],"wp:term":[{"taxonomy":"category","embeddable":true,"href":"https:\/\/fraynelson.com\/blog\/wp-json\/wp\/v2\/categories?post=17331"},{"taxonomy":"post_tag","embeddable":true,"href":"https:\/\/fraynelson.com\/blog\/wp-json\/wp\/v2\/tags?post=17331"}],"curies":[{"name":"wp","href":"https:\/\/api.w.org\/{rel}","templated":true}]}}