{"id":1732,"date":"2006-05-28T01:37:27","date_gmt":"2006-05-28T06:37:27","guid":{"rendered":"612725820"},"modified":"2006-05-27T20:39:58","modified_gmt":"2006-05-27T20:39:58","slug":"la_pelota_de_letras_2","status":"publish","type":"post","link":"https:\/\/fraynelson.com\/blog\/2006\/05\/28\/la_pelota_de_letras_2\/","title":{"rendered":"La Pelota de Letras (2)"},"content":{"rendered":"<p><strong>La Generaci\u00f3n de la Guayaba<\/strong><\/p>\n<p>Como recurso humor\u00edstico, o como especie de catarsis, o como modo de apuntar a un &#8220;nicho&#8221; comercial jugoso, La Pelota de Letras presta especial atenci\u00f3n la generaci\u00f3n de la guayaba (GG), la de los nacidos entre 1968 y 1975, generaci\u00f3n a la que el mismo Andr\u00e9s pertenece. Por cierto, se le llama &#8220;generaci\u00f3n de la guayaba&#8221; porque esta fruta estuvo presente en diversos episodios de muchos de los de esa generaci\u00f3n, cuando eran ni\u00f1os. El ejemplo t\u00edpico es el jugo de guayaba empacado (y derramado) en la lonchera del colegio.<\/p>\n<p><!--more--><\/p>\n<p>La atenci\u00f3n especial que recibe la GG se manifiesta en varias cosas:<\/p>\n<p>(1) Las generaciones anteriores y posteriores son presentadas con referencia a la GG. Los de la W ser\u00e1n los abuelos y pap\u00e1s de la GG. Los de la X y las siguientes son, o unos desconocidos incognoscibles, o los hijos de la GG.<\/p>\n<p>(2) La GG es la &#8220;v\u00edctima&#8221; y sus miembros han tenido que crecer rodeados de personajes como los siguientes: abuelos engolfados en su pasado y peleando batallas pol\u00edticas o ideol\u00f3gicas ya irrelevantes; pap\u00e1s duros, poco expresivos; madres sobreprotectoras sin conexi\u00f3n \u00faltima con el mundo emocional de sus hijos; y luego ni\u00f1os y jovencitos de las siguientes generaciones, representados como gente que ha tenido las cosas m\u00e1s f\u00e1ciles, con mejores oportunidades en poder, dinero, juegos y estudios. A medida que se avanza en esas nuevas generaciones, L\u00f3pez va insistiendo en que los reci\u00e9n llegados quieren acabar con todo y destruirlo todo. La cosa sale muy graciosa durante la comedia pero luego uno se pregunta por qu\u00e9 el insiste en eso.<\/p>\n<p>(3) La GG en el fondo es la &#8220;protagonista&#8221; de los cambios decisivos que abrieron el camino para que las generaciones subsiguientes encontraran todo m\u00e1s f\u00e1cil. En el mon\u00f3logo de L\u00f3pez la expresi\u00f3n repetida es: &#8220;Nosotros fuimos la \u00faltima generaci\u00f3n que&#8230;&#8221;<\/p>\n<p>(4) La GG queda para el final de la larga presentaci\u00f3n de La Pelota, de modo que en el curso de la secuencia se da un salto de lo anterior a lo posterior a la GG, para que la GG quede de conclusi\u00f3n de todo.<\/p>\n<p>Hechas estas observaciones, uno empieza a presentir que en La Pelota de Letras hay mucho m\u00e1s que una serie de an\u00e9cdotas familiares muy bien contadas. Hay algo de sociolog\u00eda aplicada, y si uno explora el DVD, hay un mensaje claro a favor de la Dian\u00e9tica y la Cienciolog\u00eda. \u00bfQu\u00e9 yace en el fondo de todo ello? \u00bfDebe uno preocuparse, o bastar\u00eda con tomar una actitud pragm\u00e1tica y decir: &#8220;dejemos eso a la vida privada de Andr\u00e9s L\u00f3pez&#8221;?<\/p>\n","protected":false},"excerpt":{"rendered":"<p>La Generaci\u00f3n de la Guayaba Como recurso humor\u00edstico, o como especie de catarsis, o como modo de apuntar a un &#8220;nicho&#8221; comercial jugoso, La Pelota de Letras presta especial atenci\u00f3n la generaci\u00f3n de la guayaba (GG), la de los nacidos entre 1968 y 1975, generaci\u00f3n a la que el mismo Andr\u00e9s pertenece. Por cierto, se &hellip; <\/p>\n<p class=\"link-more\"><a href=\"https:\/\/fraynelson.com\/blog\/2006\/05\/28\/la_pelota_de_letras_2\/\" class=\"more-link\">Continuar leyendo<span class=\"screen-reader-text\"> &#8220;La Pelota de Letras (2)&#8221;<\/span><\/a><\/p>\n","protected":false},"author":1138,"featured_media":0,"comment_status":"open","ping_status":"open","sticky":false,"template":"","format":"standard","meta":{"footnotes":""},"categories":[49],"tags":[],"class_list":["post-1732","post","type-post","status-publish","format-standard","hentry","category-latinoamerica-colombia"],"jetpack_featured_media_url":"","_links":{"self":[{"href":"https:\/\/fraynelson.com\/blog\/wp-json\/wp\/v2\/posts\/1732","targetHints":{"allow":["GET"]}}],"collection":[{"href":"https:\/\/fraynelson.com\/blog\/wp-json\/wp\/v2\/posts"}],"about":[{"href":"https:\/\/fraynelson.com\/blog\/wp-json\/wp\/v2\/types\/post"}],"author":[{"embeddable":true,"href":"https:\/\/fraynelson.com\/blog\/wp-json\/wp\/v2\/users\/1138"}],"replies":[{"embeddable":true,"href":"https:\/\/fraynelson.com\/blog\/wp-json\/wp\/v2\/comments?post=1732"}],"version-history":[{"count":0,"href":"https:\/\/fraynelson.com\/blog\/wp-json\/wp\/v2\/posts\/1732\/revisions"}],"wp:attachment":[{"href":"https:\/\/fraynelson.com\/blog\/wp-json\/wp\/v2\/media?parent=1732"}],"wp:term":[{"taxonomy":"category","embeddable":true,"href":"https:\/\/fraynelson.com\/blog\/wp-json\/wp\/v2\/categories?post=1732"},{"taxonomy":"post_tag","embeddable":true,"href":"https:\/\/fraynelson.com\/blog\/wp-json\/wp\/v2\/tags?post=1732"}],"curies":[{"name":"wp","href":"https:\/\/api.w.org\/{rel}","templated":true}]}}