{"id":17166,"date":"2012-10-30T14:09:46","date_gmt":"2012-10-30T19:09:46","guid":{"rendered":"http:\/\/fraynelson.com\/blog\/?p=17166"},"modified":"2013-01-06T11:36:37","modified_gmt":"2013-01-06T16:36:37","slug":"ya-no-tengo-miedo-3-de-3-jesus","status":"publish","type":"post","link":"https:\/\/fraynelson.com\/blog\/2012\/10\/30\/ya-no-tengo-miedo-3-de-3-jesus\/","title":{"rendered":"Ya no tengo miedo, 3 de 3, Jesus"},"content":{"rendered":"<p>[<em>Predicaci\u00f3n en la Asamblea Regional de la Renovaci\u00f3n Carism\u00e1tica en Arag\u00f3n, Octubre de 2012<\/em>.]<\/p>\n<p><strong>Tema 3 de 3: Jes\u00fas y la Cruz<\/strong><\/p>\n<p><iframe loading=\"lazy\" title=\"Ya no tengo miedo, 3 de 3\" width=\"525\" height=\"394\" src=\"https:\/\/www.youtube.com\/embed\/Y3F8A4qAaC8?feature=oembed\" frameborder=\"0\" allow=\"accelerometer; autoplay; clipboard-write; encrypted-media; gyroscope; picture-in-picture; web-share\" referrerpolicy=\"strict-origin-when-cross-origin\" allowfullscreen><\/iframe><\/p>\n<p>* Una lectura atento a los Evangelios descubre pronto la notable frecuencia del t\u00e9rmino &#8220;miedo&#8221; y sus sin\u00f3nimos o derivados. Miedo tienen los disc\u00edpulos, las autoridades, la gente. Miedo ante el demonio, ante lo desconocido, ante el abuso del poder, ante la fuerza de las multitudes, y sobre todo: miedo ante la muerte.<\/p>\n<p>* Hay que recordar que hay un buen uso del miedo. De hecho el santo temor de Dios, que es primeramente temor a ofenderlo, es principio de sabidur\u00eda y de recto ordenamiento de la vida. por eso tambi\u00e9n dice Cristo que quiere ense\u00f1arnos &#8220;a qui\u00e9n hay que temer,&#8221; y pasa hablarnos de Dios como \u00fanico de quien depende nuestro destino eterno.<\/p>\n<p>* Sobre la base de conocer qui\u00e9n es el que merece honor, reverencia y obediencia, el disc\u00edpulo de cristo experimenta libertad. Lo m\u00e1ximo que pueden hacer los poderosos termina con la muerte, pero la muerte misma no es \u00faltima palabra, y ello lo demuestra Cristo no con teor\u00edas sino con su propia victoria sobre la muerte.<\/p>\n<p>* Los que creemos en la resurrecci\u00f3n gozamos de un principio de valent\u00eda que ya se ha hecho valer muchas veces, sobre todo en las vidas de los m\u00e1rtires y de quienes se han desgastado por el Evangelio.<\/p>\n<div class=\"powerpress_player\" id=\"powerpress_player_4449\"><audio class=\"wp-audio-shortcode\" id=\"audio-17166-1\" preload=\"none\" style=\"width: 100%;\" controls=\"controls\"><source type=\"audio\/mpeg\" src=\"http:\/\/fraynelson.com\/conferencias\/crecimiento\/ya_no_tengo_miedo_3_de_3_Jesus.mp3?_=1\" \/><a href=\"http:\/\/fraynelson.com\/conferencias\/crecimiento\/ya_no_tengo_miedo_3_de_3_Jesus.mp3\">http:\/\/fraynelson.com\/conferencias\/crecimiento\/ya_no_tengo_miedo_3_de_3_Jesus.mp3<\/a><\/audio><\/div>\n","protected":false},"excerpt":{"rendered":"<p>[Predicaci\u00f3n en la Asamblea Regional de la Renovaci\u00f3n Carism\u00e1tica en Arag\u00f3n, Octubre de 2012.] Tema 3 de 3: Jes\u00fas y la Cruz * Una lectura atento a los Evangelios descubre pronto la notable frecuencia del t\u00e9rmino &#8220;miedo&#8221; y sus sin\u00f3nimos o derivados. Miedo tienen los disc\u00edpulos, las autoridades, la gente. Miedo ante el demonio, ante &hellip; <\/p>\n<p class=\"link-more\"><a href=\"https:\/\/fraynelson.com\/blog\/2012\/10\/30\/ya-no-tengo-miedo-3-de-3-jesus\/\" class=\"more-link\">Continuar leyendo<span class=\"screen-reader-text\"> &#8220;Ya no tengo miedo, 3 de 3, Jesus&#8221;<\/span><\/a><\/p>\n","protected":false},"author":1138,"featured_media":0,"comment_status":"closed","ping_status":"closed","sticky":false,"template":"","format":"standard","meta":{"footnotes":""},"categories":[291,316,483,302,1028,1029],"tags":[],"class_list":["post-17166","post","type-post","status-publish","format-standard","hentry","category-audio","category-cruz","category-miedo","category-video","category-ya-no-tengo-miedo","category-zaragoza"],"jetpack_featured_media_url":"","_links":{"self":[{"href":"https:\/\/fraynelson.com\/blog\/wp-json\/wp\/v2\/posts\/17166","targetHints":{"allow":["GET"]}}],"collection":[{"href":"https:\/\/fraynelson.com\/blog\/wp-json\/wp\/v2\/posts"}],"about":[{"href":"https:\/\/fraynelson.com\/blog\/wp-json\/wp\/v2\/types\/post"}],"author":[{"embeddable":true,"href":"https:\/\/fraynelson.com\/blog\/wp-json\/wp\/v2\/users\/1138"}],"replies":[{"embeddable":true,"href":"https:\/\/fraynelson.com\/blog\/wp-json\/wp\/v2\/comments?post=17166"}],"version-history":[{"count":3,"href":"https:\/\/fraynelson.com\/blog\/wp-json\/wp\/v2\/posts\/17166\/revisions"}],"predecessor-version":[{"id":18625,"href":"https:\/\/fraynelson.com\/blog\/wp-json\/wp\/v2\/posts\/17166\/revisions\/18625"}],"wp:attachment":[{"href":"https:\/\/fraynelson.com\/blog\/wp-json\/wp\/v2\/media?parent=17166"}],"wp:term":[{"taxonomy":"category","embeddable":true,"href":"https:\/\/fraynelson.com\/blog\/wp-json\/wp\/v2\/categories?post=17166"},{"taxonomy":"post_tag","embeddable":true,"href":"https:\/\/fraynelson.com\/blog\/wp-json\/wp\/v2\/tags?post=17166"}],"curies":[{"name":"wp","href":"https:\/\/api.w.org\/{rel}","templated":true}]}}