{"id":1710,"date":"2006-04-27T23:38:41","date_gmt":"2006-04-28T04:38:41","guid":{"rendered":"1291885332"},"modified":"2006-04-27T23:38:41","modified_gmt":"2006-04-27T23:38:41","slug":"tiempo_para_el_evangelio_el_cielo_el_alt","status":"publish","type":"post","link":"https:\/\/fraynelson.com\/blog\/2006\/04\/27\/tiempo_para_el_evangelio_el_cielo_el_alt\/","title":{"rendered":"Tiempo para el Evangelio &#8211; El Cielo, el Altar, los Pobres"},"content":{"rendered":"<p>Andando siempre de prisa, el cristiano tropieza un d\u00eda con el dolor de su hermano. Y entonces escucha la voz de Jesucristo, que le dice:<\/p>\n<p>Si levantas tu o\u00eddo al clamor de mis pobres, oir\u00e1s voces sobrecogedoras. Hoy nacen ni\u00f1os cada hora y cada minuto. Su llanto, que es el canto del dolor y del amor a la vida, forma a lo largo y ancho de la tierra un coro sonoro y brillante, el coro de los que han podido arribar al mundo. Junto a ellos, una multitud an\u00f3nima de peque\u00f1uelos no lloran, porque no pudieron nacer, y tampoco cantan, porque no hubo o\u00eddos para ellos. Yo s\u00ed los escucho, los conozco y los amo.<\/p>\n<p>Si levantas tu o\u00eddo al clamor de mis pobres, oir\u00e1s voces cargadas de angus\u00adtia. Voces de aquellos que no pueden gritar, porque han sido aplastados y mutilados. Son las v\u00edctimas de las leyes injustas; los torturados por los centros de poder; los que un d\u00eda se vieron sin palabras ante un arma, ante una sentencia abominable, o ante la indeseada visita de la muerte. Yo los escucho, los conozco y los amo.<\/p>\n<p>Si levantas tu o\u00eddo al clamor de mis pobres, oir\u00e1s voces bien tristes. He aqu\u00ed la voz del anciano llamando a sus amigos, que ya no viven, y a sus hijos, que un d\u00eda prefirieron dejarlo en paz. He aqu\u00ed tambi\u00e9n la voz de quien se halla perdido en el mundo, y pregunta a los que pasan: &#8220;\u00bfqu\u00e9 debo hacer?&#8221;. Es la voz del amor defraudado y de la esperanza que se apag\u00f3 por falta de alimento; la voz de la vida opaca y \u00e1rida, la de los d\u00edas grises, rutinarios y est\u00e9riles; la voz de quien est\u00e1 solo en medio de la gente; la voz del deprimido. Yo los escucho, los conozco y los amo.<\/p>\n<p>Si levantas tu o\u00eddo al clamor de mis pobres, oir\u00e1s voces oscuras: los pecados inconfesados, el rumor de la maldita superstici\u00f3n, el horrible invocar esp\u00edritus, los cultos sat\u00e1nicos, las tenebrosas propuestas de soborno, las risas torcidas de quienes trafican con la vida y la honra de otros, el tumulto de quienes hacen negocio divulgando el pecado, como si no tuvieran m\u00e1s oficio que alabar al demonio y provocar esc\u00e1ndalo en mis ni\u00f1os. \u00a1Oh pobreza incalculable de quien me ha perdido! Dime: \u00bfhay alguna voz que escape a mis o\u00eddos? Pero estos pecadores, aunque se han cargado de cadenas por sus propias culpas y malos h\u00e1bitos, todav\u00eda tienen aliento para hablar mal de m\u00ed. Yo los escucho, los conozco y los amo.<\/p>\n<p>Si levantas tu o\u00eddo al clamor de mis pobres, oir\u00e1s mi propio clamor. Llagas y sangre: ese fue mi \u00faltimo serm\u00f3n. Soledad y abandono: tal fue mi \u00faltima predicaci\u00f3n. En el cielo, en el altar, en mis pobres: ah\u00ed me tienes. Gloria, Eucarist\u00eda, Indigencia: eso soy para ti. Hablo por voz de los que sufren, s\u00e9panlo ellos o no. Hablo en ellos porque los amo. Y t\u00fa, \u00bfdir\u00e1s que me amas, si no los escuchas? Mis ojos miran en los ojos de mis pobres. \u00bfDir\u00e1s que quieres verme, si rehuyes esos ojos? Mi cuerpo padece en ellos. \u00bfDir\u00e1s que est\u00e1s conmigo, si odias estar con ellos? B\u00fascame, pues, donde me hallo; \u00e1mame como te amo, y s\u00edrveme donde deseo ser servido.<\/p>\n<p>Ha terminado la prisa. El cristiano se vuelve, y busca con sus ojos los ojos de Cristo en el pobre. Pero es tarde. Cristo ha pasado, porque tambi\u00e9n Cristo tiene prisa. Y en el silencio del d\u00eda que termina, aquel cristiano eleva sus ojos al cielo, hace de su pecho un altar, y ora muy despacio diciendo: Jes\u00fas, mi Se\u00f1or y Redentor, yo me arrepiento de todos los pecados que he cometido hasta hoy.<\/p>\n","protected":false},"excerpt":{"rendered":"<p>Andando siempre de prisa, el cristiano tropieza un d\u00eda con el dolor de su hermano. Y entonces escucha la voz de Jesucristo, que le dice: Si levantas tu o\u00eddo al clamor de mis pobres, oir\u00e1s voces sobrecogedoras. Hoy nacen ni\u00f1os cada hora y cada minuto. Su llanto, que es el canto del dolor y del &hellip; <\/p>\n<p class=\"link-more\"><a href=\"https:\/\/fraynelson.com\/blog\/2006\/04\/27\/tiempo_para_el_evangelio_el_cielo_el_alt\/\" class=\"more-link\">Continuar leyendo<span class=\"screen-reader-text\"> &#8220;Tiempo para el Evangelio &#8211; El Cielo, el Altar, los Pobres&#8221;<\/span><\/a><\/p>\n","protected":false},"author":1138,"featured_media":0,"comment_status":"open","ping_status":"open","sticky":false,"template":"","format":"standard","meta":{"footnotes":""},"categories":[40],"tags":[],"class_list":["post-1710","post","type-post","status-publish","format-standard","hentry","category-vivir-la-fe-hoy"],"jetpack_featured_media_url":"","_links":{"self":[{"href":"https:\/\/fraynelson.com\/blog\/wp-json\/wp\/v2\/posts\/1710","targetHints":{"allow":["GET"]}}],"collection":[{"href":"https:\/\/fraynelson.com\/blog\/wp-json\/wp\/v2\/posts"}],"about":[{"href":"https:\/\/fraynelson.com\/blog\/wp-json\/wp\/v2\/types\/post"}],"author":[{"embeddable":true,"href":"https:\/\/fraynelson.com\/blog\/wp-json\/wp\/v2\/users\/1138"}],"replies":[{"embeddable":true,"href":"https:\/\/fraynelson.com\/blog\/wp-json\/wp\/v2\/comments?post=1710"}],"version-history":[{"count":0,"href":"https:\/\/fraynelson.com\/blog\/wp-json\/wp\/v2\/posts\/1710\/revisions"}],"wp:attachment":[{"href":"https:\/\/fraynelson.com\/blog\/wp-json\/wp\/v2\/media?parent=1710"}],"wp:term":[{"taxonomy":"category","embeddable":true,"href":"https:\/\/fraynelson.com\/blog\/wp-json\/wp\/v2\/categories?post=1710"},{"taxonomy":"post_tag","embeddable":true,"href":"https:\/\/fraynelson.com\/blog\/wp-json\/wp\/v2\/tags?post=1710"}],"curies":[{"name":"wp","href":"https:\/\/api.w.org\/{rel}","templated":true}]}}