{"id":16669,"date":"2012-09-22T07:00:35","date_gmt":"2012-09-22T12:00:35","guid":{"rendered":"http:\/\/fraynelson.com\/blog\/?p=16669"},"modified":"2012-09-22T07:00:35","modified_gmt":"2012-09-22T12:00:35","slug":"datos-interesantes-sobre-el-papamovil","status":"publish","type":"post","link":"https:\/\/fraynelson.com\/blog\/2012\/09\/22\/datos-interesantes-sobre-el-papamovil\/","title":{"rendered":"Datos interesantes sobre el papamovil"},"content":{"rendered":"<p>&#8220;Con sus cuatro toneladas de peso y su reluciente color blanco, el papam\u00f3vil ha jugado un rol clave en la seguridad del pont\u00edfice. Tambi\u00e9n se ha convertido en un \u00edcono del peregrinaje por el mundo tanto de Juan Pablo II como de Benedicto XVI. En L\u00edbano, apenas unos d\u00edas atr\u00e1s, el veh\u00edculo contribuy\u00f3 nuevamente a proteger a su ilustre pasajero&#8230;&#8221;<\/p>\n<p><a href=\"http:\/\/fraynelson.bo.lt\/bya39\" target=\"_blank\"><img decoding=\"async\" src=\"https:\/\/s3.bo.lt\/page=44naxyxidf:shape=fixed_width:size=280:type=thumbnail:version=3\" alt=\"papamovil\" \/><\/p>\n<p>Click!<\/a><\/p>\n","protected":false},"excerpt":{"rendered":"<p>&#8220;Con sus cuatro toneladas de peso y su reluciente color blanco, el papam\u00f3vil ha jugado un rol clave en la seguridad del pont\u00edfice. Tambi\u00e9n se ha convertido en un \u00edcono del peregrinaje por el mundo tanto de Juan Pablo II como de Benedicto XVI. En L\u00edbano, apenas unos d\u00edas atr\u00e1s, el veh\u00edculo contribuy\u00f3 nuevamente a &hellip; <\/p>\n<p class=\"link-more\"><a href=\"https:\/\/fraynelson.com\/blog\/2012\/09\/22\/datos-interesantes-sobre-el-papamovil\/\" class=\"more-link\">Continuar leyendo<span class=\"screen-reader-text\"> &#8220;Datos interesantes sobre el papamovil&#8221;<\/span><\/a><\/p>\n","protected":false},"author":1138,"featured_media":0,"comment_status":"closed","ping_status":"closed","sticky":false,"template":"","format":"standard","meta":{"footnotes":""},"categories":[620,669],"tags":[],"class_list":["post-16669","post","type-post","status-publish","format-standard","hentry","category-enlaces","category-vaticano"],"jetpack_featured_media_url":"","_links":{"self":[{"href":"https:\/\/fraynelson.com\/blog\/wp-json\/wp\/v2\/posts\/16669","targetHints":{"allow":["GET"]}}],"collection":[{"href":"https:\/\/fraynelson.com\/blog\/wp-json\/wp\/v2\/posts"}],"about":[{"href":"https:\/\/fraynelson.com\/blog\/wp-json\/wp\/v2\/types\/post"}],"author":[{"embeddable":true,"href":"https:\/\/fraynelson.com\/blog\/wp-json\/wp\/v2\/users\/1138"}],"replies":[{"embeddable":true,"href":"https:\/\/fraynelson.com\/blog\/wp-json\/wp\/v2\/comments?post=16669"}],"version-history":[{"count":1,"href":"https:\/\/fraynelson.com\/blog\/wp-json\/wp\/v2\/posts\/16669\/revisions"}],"predecessor-version":[{"id":16670,"href":"https:\/\/fraynelson.com\/blog\/wp-json\/wp\/v2\/posts\/16669\/revisions\/16670"}],"wp:attachment":[{"href":"https:\/\/fraynelson.com\/blog\/wp-json\/wp\/v2\/media?parent=16669"}],"wp:term":[{"taxonomy":"category","embeddable":true,"href":"https:\/\/fraynelson.com\/blog\/wp-json\/wp\/v2\/categories?post=16669"},{"taxonomy":"post_tag","embeddable":true,"href":"https:\/\/fraynelson.com\/blog\/wp-json\/wp\/v2\/tags?post=16669"}],"curies":[{"name":"wp","href":"https:\/\/api.w.org\/{rel}","templated":true}]}}