{"id":1666,"date":"2006-04-01T19:26:51","date_gmt":"2006-04-02T00:26:51","guid":{"rendered":"1390706208"},"modified":"2006-04-01T19:26:51","modified_gmt":"2006-04-01T19:26:51","slug":"tiempo_para_el_evangelio_retorno_a_los_e","status":"publish","type":"post","link":"https:\/\/fraynelson.com\/blog\/2006\/04\/01\/tiempo_para_el_evangelio_retorno_a_los_e\/","title":{"rendered":"Tiempo para el Evangelio &#8211; Retorno a los Escritos de Vida Espiritual"},"content":{"rendered":"<p><strong>Presentaci\u00f3n<\/strong><\/p>\n<p>&#8220;Muchas veces y de muchas modos habl\u00f3 Dios en el pasado a nuestros Padres por medio de los Profetas: en estos \u00faltimos tiempos nos ha hablado por medio del Hijo a quien instituy\u00f3 heredero de todo, por quien hizo los mundos, el cual, siendo resplandor de su gloria e impron\u00adta de su substancia, y el que sostiene todo con su palabra poderosa, despu\u00e9s de llevar a cabo la purificaci\u00f3n de los pecados, se sent\u00f3 a la diestra de la majestad en las alturas&#8221; (Heb 1,1&#8209;3).<\/p>\n<p>Puede decirse, con la debida reveren\u00adcia, que el presente folleto desea ser un comentario al texto precedente. Jesucristo es la Palabra del Padre, el Mensaje supremo, la Noticia importante, Aquello que necesit\u00e1bamos saber, Aquel a quien deb\u00edamos conocer. Su voz, llegada a nosotros por medios comunes o extraor\u00addinarios, nos conduce a la revelaci\u00f3n del Rostro de Dios en el Hombre. En el momento sublime de la Cruz, esta revela\u00adci\u00f3n se hace desconcertante, pero plena y definitiva.<\/p>\n<p>Bajo la autoridad y parecer de la santa Iglesia Cat\u00f3lica, se ofrecen las palabras aqu\u00ed escritas. Quiera Dios, el Padre que se nos ha revelado enteramente en Cristo, su Hijo, Nuestro Se\u00f1or, acogerlas y hacerlas germinar, para su honor y gloria.<\/p>\n<p>Fr. Nelson M.<\/p>\n<p><strong>\u00bfPor qu\u00e9, mi ni\u00f1o?<\/strong><\/p>\n<p>\u00bfPor qu\u00e9 has de ir con el rostro bajo? \u00bfQui\u00e9n apag\u00f3 la luz de tus ojos?<br \/>\n\u00bfPor qu\u00e9 a veces te hablo y no me respondes? \u00bfPor qu\u00e9 gritas en mis o\u00eddos &#8220;d\u00f3nde est\u00e1s&#8221;, y luego tapas los tuyos cuando te susurro &#8220;aqu\u00ed&#8221;? \u00a1Oh, mi ni\u00f1o! \u00a1Y te disgusta que te llame &#8220;ni\u00f1o&#8221;! Pero sigues siendo un ni\u00f1o, y sigues siendo m\u00edo.<\/p>\n<p>\u00bfPor qu\u00e9 quieres limitarme? \u00bfPor qu\u00e9 quieres que mis promesas se parezcan a tus deseos? \u00a1Oh, mi ni\u00f1o! Saldr\u00edas ganando si me aceptaras, y as\u00ed ganaras la posibilidad de ser conmigo.<\/p>\n<p>\u00bfPorqu\u00e9 te haces da\u00f1o? \u00bfPor qu\u00e9 quieres hacerme sufrir, priv\u00e1ndote de m\u00ed? \u00a1Oh, mi ni\u00f1o! Caminas por mi mundo y bajo mi cielo; respiras mi aire, bebes mi agua y te alimentas de mis campos; yo te arropo, te doy piso y te hago ser. Sin m\u00ed pierdes lo mejor de ti.<\/p>\n<p>\u00bfPor qu\u00e9 te ocupan tanto tus cosas? \u00bfPor qu\u00e9 tus pensamientos te parecen tan importantes? \u00a1Oh, mi ni\u00f1o! Desear\u00edas apagar mi sol para que se viera bien tu linternita. \u00a1Y a veces pateas la tierra que te sostiene! Ser\u00eda mejor besar esa tierra y agradecer ese sol.<\/p>\n<p>\u00bfPor qu\u00e9 me empeque\u00f1eces? \u00bfPor qu\u00e9 me tratas como si no me conocieras? \u00a1Oh mi ni\u00f1o! He hecho todo para que me conoz\u00adcas. Yo no ahorro esfuerzos, no guardo nada para m\u00ed, no tengo segundas inten\u00adciones, no prometo m\u00e1s de lo que tengo ni ofrezco menos de lo que soy.<\/p>\n<p>\u00bfPor qu\u00e9 huyes de mi dulzura? \u00bfPor qu\u00e9 saboreas tus venenos? \u00a1Oh mi ni\u00f1o! \u00a1Se te ha lastimado el paladar, se te ha embotado el gusto! Al contrario: \u00a1qu\u00e9 suave bondad y qu\u00e9 gozo embriagar\u00e1 tu alma cuando al fin vuelvas a m\u00ed!<\/p>\n<p>&#8220;Ven, entonces. Ven a cenar a mi Casa: a comer de mi Pan y beber de mi Vino. Ven a alegrarte conmigo&#8221;.<\/p>\n","protected":false},"excerpt":{"rendered":"<p>Presentaci\u00f3n &#8220;Muchas veces y de muchas modos habl\u00f3 Dios en el pasado a nuestros Padres por medio de los Profetas: en estos \u00faltimos tiempos nos ha hablado por medio del Hijo a quien instituy\u00f3 heredero de todo, por quien hizo los mundos, el cual, siendo resplandor de su gloria e impron\u00adta de su substancia, y &hellip; <\/p>\n<p class=\"link-more\"><a href=\"https:\/\/fraynelson.com\/blog\/2006\/04\/01\/tiempo_para_el_evangelio_retorno_a_los_e\/\" class=\"more-link\">Continuar leyendo<span class=\"screen-reader-text\"> &#8220;Tiempo para el Evangelio &#8211; Retorno a los Escritos de Vida Espiritual&#8221;<\/span><\/a><\/p>\n","protected":false},"author":1138,"featured_media":0,"comment_status":"open","ping_status":"open","sticky":false,"template":"","format":"standard","meta":{"footnotes":""},"categories":[40],"tags":[],"class_list":["post-1666","post","type-post","status-publish","format-standard","hentry","category-vivir-la-fe-hoy"],"jetpack_featured_media_url":"","_links":{"self":[{"href":"https:\/\/fraynelson.com\/blog\/wp-json\/wp\/v2\/posts\/1666","targetHints":{"allow":["GET"]}}],"collection":[{"href":"https:\/\/fraynelson.com\/blog\/wp-json\/wp\/v2\/posts"}],"about":[{"href":"https:\/\/fraynelson.com\/blog\/wp-json\/wp\/v2\/types\/post"}],"author":[{"embeddable":true,"href":"https:\/\/fraynelson.com\/blog\/wp-json\/wp\/v2\/users\/1138"}],"replies":[{"embeddable":true,"href":"https:\/\/fraynelson.com\/blog\/wp-json\/wp\/v2\/comments?post=1666"}],"version-history":[{"count":0,"href":"https:\/\/fraynelson.com\/blog\/wp-json\/wp\/v2\/posts\/1666\/revisions"}],"wp:attachment":[{"href":"https:\/\/fraynelson.com\/blog\/wp-json\/wp\/v2\/media?parent=1666"}],"wp:term":[{"taxonomy":"category","embeddable":true,"href":"https:\/\/fraynelson.com\/blog\/wp-json\/wp\/v2\/categories?post=1666"},{"taxonomy":"post_tag","embeddable":true,"href":"https:\/\/fraynelson.com\/blog\/wp-json\/wp\/v2\/tags?post=1666"}],"curies":[{"name":"wp","href":"https:\/\/api.w.org\/{rel}","templated":true}]}}