{"id":1570,"date":"2006-03-21T01:31:36","date_gmt":"2006-03-21T06:31:36","guid":{"rendered":"1654939200"},"modified":"2006-03-07T11:39:39","modified_gmt":"2006-03-07T11:39:39","slug":"preguntas_y_respuestas_3","status":"publish","type":"post","link":"https:\/\/fraynelson.com\/blog\/2006\/03\/21\/preguntas_y_respuestas_3\/","title":{"rendered":"Preguntas y Respuestas &#8211; 3"},"content":{"rendered":"<p><strong>Hay una definici\u00f3n entre esp\u00edritu y alma que siempre  me confunde, les agradezco una aclaraci\u00f3n. Dios los bendiga &#8211; Esmeralda Vargas.<\/strong><br \/>\n<!--more--><\/p>\n<p>Para san Pablo el alma es parte de lo que nosotros los seremos humanos somos por naturaleza. El alma alude a lo que todos somos y tenemos: todos &#8220;tenemos&#8221; alma.<\/p>\n<p>En cambio, seg\u00fan este mismo ap\u00f3stol, no todos tenemos &#8220;esp\u00edritu.&#8221; Esta palabra alude a la novedad de la acci\u00f3n de Dios en la vida humana, es decir, aquel actuar que ha sido posible por la redenci\u00f3n.<\/p>\n<p>Tenemos &#8220;esp\u00edritu&#8221; porque se ha restablecido la amistad entre Dios y nosotros, gracias al sacrificio de Cristo y a la efusi\u00f3n del Esp\u00edritu Santo. Tener &#8220;esp\u00edritu&#8221; es ser &#8220;espiritual,&#8221; o sea, haber sido renovado por el Esp\u00edritu Santo, que es el fruto precioso de la pascua de Cristo.<\/p>\n<p>En resumen, el alma alude a lo que somos por creaci\u00f3n; el esp\u00edritu se refiere a lo que hemos recibido gracias a la fe, en cuanto redimidos por Jesucristo y morada de su Esp\u00edritu. Las personas que viven una vida pegada a las cosas de esta tierra son cuerpo y alma solamente; san Pablo las llama &#8220;psiquikoi.&#8221; Las personas que conocen al Se\u00f1or y viven en amistad con \u00e9l por la fe y la caridad son llamadas en cambio &#8220;pneumatikoi&#8221;: gente con esp\u00edritu.<\/p>\n","protected":false},"excerpt":{"rendered":"<p>Hay una definici\u00f3n entre esp\u00edritu y alma que siempre me confunde, les agradezco una aclaraci\u00f3n. Dios los bendiga &#8211; Esmeralda Vargas.<\/p>\n","protected":false},"author":1138,"featured_media":0,"comment_status":"open","ping_status":"open","sticky":false,"template":"","format":"standard","meta":{"footnotes":""},"categories":[59],"tags":[],"class_list":["post-1570","post","type-post","status-publish","format-standard","hentry","category-apuntes-teologicos"],"jetpack_featured_media_url":"","_links":{"self":[{"href":"https:\/\/fraynelson.com\/blog\/wp-json\/wp\/v2\/posts\/1570","targetHints":{"allow":["GET"]}}],"collection":[{"href":"https:\/\/fraynelson.com\/blog\/wp-json\/wp\/v2\/posts"}],"about":[{"href":"https:\/\/fraynelson.com\/blog\/wp-json\/wp\/v2\/types\/post"}],"author":[{"embeddable":true,"href":"https:\/\/fraynelson.com\/blog\/wp-json\/wp\/v2\/users\/1138"}],"replies":[{"embeddable":true,"href":"https:\/\/fraynelson.com\/blog\/wp-json\/wp\/v2\/comments?post=1570"}],"version-history":[{"count":0,"href":"https:\/\/fraynelson.com\/blog\/wp-json\/wp\/v2\/posts\/1570\/revisions"}],"wp:attachment":[{"href":"https:\/\/fraynelson.com\/blog\/wp-json\/wp\/v2\/media?parent=1570"}],"wp:term":[{"taxonomy":"category","embeddable":true,"href":"https:\/\/fraynelson.com\/blog\/wp-json\/wp\/v2\/categories?post=1570"},{"taxonomy":"post_tag","embeddable":true,"href":"https:\/\/fraynelson.com\/blog\/wp-json\/wp\/v2\/tags?post=1570"}],"curies":[{"name":"wp","href":"https:\/\/api.w.org\/{rel}","templated":true}]}}