{"id":15369,"date":"2012-06-22T01:54:20","date_gmt":"2012-06-22T06:54:20","guid":{"rendered":"http:\/\/fraynelson.com\/blog\/?p=15369"},"modified":"2012-06-21T17:18:14","modified_gmt":"2012-06-21T22:18:14","slug":"el-aniversario-de-la-reforma-protestante-no-es-dia-feliz","status":"publish","type":"post","link":"https:\/\/fraynelson.com\/blog\/2012\/06\/22\/el-aniversario-de-la-reforma-protestante-no-es-dia-feliz\/","title":{"rendered":"El aniversario de la Reforma Protestante no es dia feliz"},"content":{"rendered":"<p>&#8220;El Cardenal Koch fue extraordinariamente claro: \u00abno podemos celebrar un pecado\u00bb. As\u00ed, sin anestesia. \u00abLos acontecimientos que dividen a la Iglesia no pueden ser llamados un d\u00eda de fiesta\u00bb, a todo lo que accedi\u00f3 el cardenal es a clasificar la efem\u00e9ride como un d\u00eda que hay que recordar, pero no celebrar&#8230;&#8221;<\/p>\n<p><a href=\"http:\/\/fraynelson.bo.lt\/hf9j5\" target=\"_blank\"><img decoding=\"async\" src=\"https:\/\/s3.bo.lt\/page=9mxtrpn1g8:shape=fixed_width:size=320:type=snapshot:version=4\" alt=\"No es feliz el aniversario de la reforma protestante\" \/><\/p>\n<p>Click!<\/a><\/p>\n","protected":false},"excerpt":{"rendered":"<p>&#8220;El Cardenal Koch fue extraordinariamente claro: \u00abno podemos celebrar un pecado\u00bb. As\u00ed, sin anestesia. \u00abLos acontecimientos que dividen a la Iglesia no pueden ser llamados un d\u00eda de fiesta\u00bb, a todo lo que accedi\u00f3 el cardenal es a clasificar la efem\u00e9ride como un d\u00eda que hay que recordar, pero no celebrar&#8230;&#8221; Click!<\/p>\n","protected":false},"author":1138,"featured_media":0,"comment_status":"closed","ping_status":"closed","sticky":false,"template":"","format":"standard","meta":{"footnotes":""},"categories":[51,620,672,326],"tags":[],"class_list":["post-15369","post","type-post","status-publish","format-standard","hentry","category-ecumenismo","category-enlaces","category-historia_de_la_iglesia","category-protestantes"],"jetpack_featured_media_url":"","_links":{"self":[{"href":"https:\/\/fraynelson.com\/blog\/wp-json\/wp\/v2\/posts\/15369","targetHints":{"allow":["GET"]}}],"collection":[{"href":"https:\/\/fraynelson.com\/blog\/wp-json\/wp\/v2\/posts"}],"about":[{"href":"https:\/\/fraynelson.com\/blog\/wp-json\/wp\/v2\/types\/post"}],"author":[{"embeddable":true,"href":"https:\/\/fraynelson.com\/blog\/wp-json\/wp\/v2\/users\/1138"}],"replies":[{"embeddable":true,"href":"https:\/\/fraynelson.com\/blog\/wp-json\/wp\/v2\/comments?post=15369"}],"version-history":[{"count":1,"href":"https:\/\/fraynelson.com\/blog\/wp-json\/wp\/v2\/posts\/15369\/revisions"}],"predecessor-version":[{"id":15370,"href":"https:\/\/fraynelson.com\/blog\/wp-json\/wp\/v2\/posts\/15369\/revisions\/15370"}],"wp:attachment":[{"href":"https:\/\/fraynelson.com\/blog\/wp-json\/wp\/v2\/media?parent=15369"}],"wp:term":[{"taxonomy":"category","embeddable":true,"href":"https:\/\/fraynelson.com\/blog\/wp-json\/wp\/v2\/categories?post=15369"},{"taxonomy":"post_tag","embeddable":true,"href":"https:\/\/fraynelson.com\/blog\/wp-json\/wp\/v2\/tags?post=15369"}],"curies":[{"name":"wp","href":"https:\/\/api.w.org\/{rel}","templated":true}]}}