{"id":14608,"date":"2012-04-25T01:07:45","date_gmt":"2012-04-25T06:07:45","guid":{"rendered":"http:\/\/fraynelson.com\/blog\/?p=14608"},"modified":"2012-04-24T09:14:38","modified_gmt":"2012-04-24T14:14:38","slug":"es-la-muerte-la-aniquilacion-del-hombre","status":"publish","type":"post","link":"https:\/\/fraynelson.com\/blog\/2012\/04\/25\/es-la-muerte-la-aniquilacion-del-hombre\/","title":{"rendered":"Es la muerte la aniquilacion del hombre?"},"content":{"rendered":"<p>As\u00ed  pudiera creerse  al contemplar la descomposici\u00f3n de un cad\u00e1ver. \u00bfQu\u00e9 queda de \u00e9l?  \u00abLa rosa ha vivido el tiempo de las rosas, apenas una ma\u00f1ana\u00bb.<\/p>\n<p>Si la muerte es tan l\u00f3gica para el hombre como la ca\u00edda de los p\u00e9talos de una rosa, \u00bfde d\u00f3nde ese horror instintivo que nos inspira, y c\u00f3mo explicar ese extra\u00f1o deseo de inmortalidad, que es para nosotros como una segunda naturaleza?<\/p>\n<p>Existen las realidades invisibles<\/p>\n<p>El hombre no se reduce a lo que de \u00e9l vemos. Sabemos que posee una potencia de la que carecen los animales: una inteligencia bien real y original, capaz no s\u00f3lo de construir, sino de reflexionar e inventar. Esta inteligencia creadora escapa al mundo de los sentidos, no tiene olor ni gusto ni color. Es capaz de ideas, como la justicia, el bien y el honor, que est\u00e1n m\u00e1s all\u00e1 del mundo material.<\/p>\n<p>Ser\u00eda precipitado que, por no ver el esp\u00edritu en acci\u00f3n tras la muerte, afirm\u00e1ramos que ha dejado de existir.<\/p>\n<p>Si durante un concierto de piano, a causa de un accidente, el instrumento quedara destruido, el concierto quedar\u00eda interrumpido, pero no podr\u00edamos deducir de eso la aniquilaci\u00f3n del pianista.<\/p>\n<p>El esp\u00edritu no se descompone<\/p>\n<p>La desaparici\u00f3n del cuerpo es consecuencia de su descomposici\u00f3n. La sangre se derrama, la piel se deshace. Pero la inteligencia es simple, consciente e intangible. No es f\u00e1cil entender c\u00f3mo pueda descomponerse y desaparecer.<\/p>\n<p>Adem\u00e1s, nuestro esp\u00edritu domina el tiempo: la tabla de multiplicar es tan verdad hoy como hace veinte siglos y como lo ser\u00e1 el a\u00f1o que viene. Si estamos habitados por una realidad que transciende y domina el tiempo \u00bfc\u00f3mo podremos ser completamente dominados y aniquilados por \u00e9l el d\u00eda de nuestra muerte? Esto es lo que ya present\u00edan los primeros hombres cuando enterraban a sus muertos con ritos funerarios.<\/p>\n<p>Un hecho \u00fanico en la historia: \u00a1Cristo ha resucitado!<\/p>\n<p>El cristiano tiene la certeza de la supervivencia como consecuencia de un hecho hist\u00f3rico sin precedentes: la resurrecci\u00f3n de Cristo. Ya no se pone en duda la existencia y la  muerte de Cristo. Contra lo que esperaban sus disc\u00edpulos, Jes\u00fas se les apareci\u00f3 despu\u00e9s de su muerte en varias ocasiones y en circunstancias muy diferentes.<\/p>\n<p>Se aparece a las mujeres que acudieron a su tumba en el amanecer de la Pascua. Los ap\u00f3stoles calificaron de desatinos sus testimonios, pero tambi\u00e9n ellos vendr\u00e1n a ser testigos de sus apariciones entre los disc\u00edpulos, en el cen\u00e1culo. All\u00ed Jes\u00fas, para probarles que no se trata de un fantasma, les pide algo de comer. Tom\u00e1s, ausente, se muestra incr\u00e9dulo; pero finalmente habr\u00e1 de rendirse a la evidencia.<\/p>\n<p>Pablo de Tarso va a combatir la impostura de la resurrecci\u00f3n, tratando de recuperar a los jud\u00edos recientemente convertidos. Pero en el camino de Damasco se ver\u00e1 sacudido por una revelaci\u00f3n extraordinaria. Se convierte, y anuncia  la resurrecci\u00f3n de Cristo, de la que va a hacer el centro de su predicaci\u00f3n. \u00abSi los muertos no resucitan, ni Cristo resucit\u00f3&#8230; comamos y bebamos, que ma\u00f1ana moriremos\u00bb (1Co 15,16.32).<\/p>\n<p>Los ap\u00f3stoles y Pablo aceptaron ser decapitados no solo por afirmar una doctrina, sino por mantener la verdad de un hecho: que Cristo vive. \u00abYo creo en el testimonio de los que, por afirmarlo, se dejan cortar la cabeza\u00bb (Pascal).<\/p>\n<p>\u2022 \u00abLas almas de los justos est\u00e1n  en manos de Dios&#8230;.\u00bfMuerte, donde est\u00e1 tu victoria?\u00bb (Sab 3,1; 1Co  15,55).<\/p>\n<p><b>Yves Moreau<\/b> es el autor de <i>Razones para Creer<\/i>. Texto disponible por concesi\u00f3n de <a href=\"http:\/\/www.gratisdate.org\">Gratis Date<\/a>.<\/p>\n","protected":false},"excerpt":{"rendered":"<p>As\u00ed pudiera creerse al contemplar la descomposici\u00f3n de un cad\u00e1ver. \u00bfQu\u00e9 queda de \u00e9l? \u00abLa rosa ha vivido el tiempo de las rosas, apenas una ma\u00f1ana\u00bb. Si la muerte es tan l\u00f3gica para el hombre como la ca\u00edda de los p\u00e9talos de una rosa, \u00bfde d\u00f3nde ese horror instintivo que nos inspira, y c\u00f3mo explicar &hellip; <\/p>\n<p class=\"link-more\"><a href=\"https:\/\/fraynelson.com\/blog\/2012\/04\/25\/es-la-muerte-la-aniquilacion-del-hombre\/\" class=\"more-link\">Continuar leyendo<span class=\"screen-reader-text\"> &#8220;Es la muerte la aniquilacion del hombre?&#8221;<\/span><\/a><\/p>\n","protected":false},"author":1138,"featured_media":0,"comment_status":"closed","ping_status":"closed","sticky":false,"template":"","format":"standard","meta":{"footnotes":""},"categories":[312,945],"tags":[],"class_list":["post-14608","post","type-post","status-publish","format-standard","hentry","category-muerte","category-razones-para-creer"],"jetpack_featured_media_url":"","_links":{"self":[{"href":"https:\/\/fraynelson.com\/blog\/wp-json\/wp\/v2\/posts\/14608","targetHints":{"allow":["GET"]}}],"collection":[{"href":"https:\/\/fraynelson.com\/blog\/wp-json\/wp\/v2\/posts"}],"about":[{"href":"https:\/\/fraynelson.com\/blog\/wp-json\/wp\/v2\/types\/post"}],"author":[{"embeddable":true,"href":"https:\/\/fraynelson.com\/blog\/wp-json\/wp\/v2\/users\/1138"}],"replies":[{"embeddable":true,"href":"https:\/\/fraynelson.com\/blog\/wp-json\/wp\/v2\/comments?post=14608"}],"version-history":[{"count":2,"href":"https:\/\/fraynelson.com\/blog\/wp-json\/wp\/v2\/posts\/14608\/revisions"}],"predecessor-version":[{"id":14610,"href":"https:\/\/fraynelson.com\/blog\/wp-json\/wp\/v2\/posts\/14608\/revisions\/14610"}],"wp:attachment":[{"href":"https:\/\/fraynelson.com\/blog\/wp-json\/wp\/v2\/media?parent=14608"}],"wp:term":[{"taxonomy":"category","embeddable":true,"href":"https:\/\/fraynelson.com\/blog\/wp-json\/wp\/v2\/categories?post=14608"},{"taxonomy":"post_tag","embeddable":true,"href":"https:\/\/fraynelson.com\/blog\/wp-json\/wp\/v2\/tags?post=14608"}],"curies":[{"name":"wp","href":"https:\/\/api.w.org\/{rel}","templated":true}]}}