{"id":1238,"date":"2005-11-20T19:52:13","date_gmt":"2005-11-21T00:52:13","guid":{"rendered":"166249816"},"modified":"2005-11-20T19:52:13","modified_gmt":"2005-11-20T19:52:13","slug":"aguas_de_locura","status":"publish","type":"post","link":"https:\/\/fraynelson.com\/blog\/2005\/11\/20\/aguas_de_locura\/","title":{"rendered":"Aguas de locura"},"content":{"rendered":"<p>En cierta ocasi\u00f3n previno Dios al pueblo de un terremoto que habr\u00eda de tragarse las aguas de toda la tierra. Y las aguas que reemplazar\u00edan a las desaparecidas habr\u00edan de enloquecer a todo el mundo. Tan s\u00f3lo el profeta se tom\u00f3 en serio a Dios. Transport\u00f3 hasta la cueva de su monta\u00f1a enormes recipientes de agua, de modo que no hubiera ya de faltarle el l\u00edquido elemento en los d\u00edas de su vida.<\/p>\n<p><p>Y efectivamente, se produjo el terremoto, desaparecieron las aguas y una nueva agua llen\u00f3 los arroyos y los lagos y los r\u00edos y los estanques.<\/p>\n<p><p>Algunos meses m\u00e1s tarde baj\u00f3 el profeta de su monta\u00f1a a ver lo que hab\u00eda ocurrido. Y era verdad: todo el mundo se hab\u00eda vuelto loco y le atacaba a \u00e9l y no quer\u00eda tener nada que ver con \u00e9l. Y hasta se convenci\u00f3 todo el mundo de que era \u00e9l quien que estaba loco. As\u00ed pues, el profeta regres\u00f3 a su cueva de la monta\u00f1a, contento por haber tenido la precauci\u00f3n de guardar agua. Pero, a medida que transcurr\u00eda el tiempo, la soledad se le hac\u00eda insoportable. Anhelaba tener compa\u00f1\u00eda humana. De modo que descendi\u00f3 de nuevo a la llanura. Pero nuevamente fue rechazado por la gente, tan diferente de \u00e9l. Entonces el profeta tom\u00f3 su decisi\u00f3n: Tir\u00f3 el agua que hab\u00eda guardado, bebi\u00f3 del agua nueva y se uni\u00f3 a sus semejantes en su locura.<\/p>\n<p><p>Reflexi\u00f3n: <\/p>\n<p><p>Muchas veces por temor a la soledad solemos unirnos a los dem\u00e1s a\u00fan cuando nos damos cuenta que sus actitudes, sus formas de pensar, de hablar o de ser no nos son gratas o no coinciden con las nuestras. Y as\u00ed nos entregamos a vivir la vida copiando modelos de otras personas y no respetando nuestro interior. Pero nos pasa a diario que nos sentimos acompa\u00f1ados pero vacios y que si bien estamos rodeados de gente seguimos sintiendonos solos. Si optamos por quedarnos solos hay quienes juzgan mal esa soledad y creen que el problema est\u00e1 en nosotros, que en algo fallamos cuando no tenemos amistades, que no somos &#8220;normales&#8221;. Con el lema de &#8220;la uni\u00f3n hace la fuerza&#8221; en estos tiempos vemos c\u00f3mo muchos son c\u00f3mplices de atentados, de secuestros y dem\u00e1s, pero tambi\u00e9n podemos ver que hay uniones positivas y son aquellas que buscan destacarse en la ayuda, la solidaridad y el hacer el bien a los dem\u00e1s.<\/p>\n<p><p>Cuando escapamos de nuestra soledad tenemos que tener ciertos cuidados: tratemos de acercarnos a quienes pueden ayudarnos a ser mejores personas. Tratemos de no ser parte de una masa y por sobre todo de no usar un uniforme que nos haga perder nuestra verdadera identidad.<\/p>\n<p><p>SEAMOS FIELES A &#8220;SUS&#8221; ENSE\u00d1ANZAS.<\/p>\n<p>\n","protected":false},"excerpt":{"rendered":"<p>En cierta ocasi\u00f3n previno Dios al pueblo de un terremoto que habr\u00eda de tragarse las aguas de toda la tierra. Y las aguas que reemplazar\u00edan a las desaparecidas habr\u00edan de enloquecer a todo el mundo. Tan s\u00f3lo el profeta se tom\u00f3 en serio a Dios. Transport\u00f3 hasta la cueva de su monta\u00f1a enormes recipientes de &hellip; <\/p>\n<p class=\"link-more\"><a href=\"https:\/\/fraynelson.com\/blog\/2005\/11\/20\/aguas_de_locura\/\" class=\"more-link\">Continuar leyendo<span class=\"screen-reader-text\"> &#8220;Aguas de locura&#8221;<\/span><\/a><\/p>\n","protected":false},"author":1138,"featured_media":0,"comment_status":"open","ping_status":"open","sticky":false,"template":"","format":"standard","meta":{"footnotes":""},"categories":[55],"tags":[],"class_list":["post-1238","post","type-post","status-publish","format-standard","hentry","category-opciones-y-principios"],"jetpack_featured_media_url":"","_links":{"self":[{"href":"https:\/\/fraynelson.com\/blog\/wp-json\/wp\/v2\/posts\/1238","targetHints":{"allow":["GET"]}}],"collection":[{"href":"https:\/\/fraynelson.com\/blog\/wp-json\/wp\/v2\/posts"}],"about":[{"href":"https:\/\/fraynelson.com\/blog\/wp-json\/wp\/v2\/types\/post"}],"author":[{"embeddable":true,"href":"https:\/\/fraynelson.com\/blog\/wp-json\/wp\/v2\/users\/1138"}],"replies":[{"embeddable":true,"href":"https:\/\/fraynelson.com\/blog\/wp-json\/wp\/v2\/comments?post=1238"}],"version-history":[{"count":0,"href":"https:\/\/fraynelson.com\/blog\/wp-json\/wp\/v2\/posts\/1238\/revisions"}],"wp:attachment":[{"href":"https:\/\/fraynelson.com\/blog\/wp-json\/wp\/v2\/media?parent=1238"}],"wp:term":[{"taxonomy":"category","embeddable":true,"href":"https:\/\/fraynelson.com\/blog\/wp-json\/wp\/v2\/categories?post=1238"},{"taxonomy":"post_tag","embeddable":true,"href":"https:\/\/fraynelson.com\/blog\/wp-json\/wp\/v2\/tags?post=1238"}],"curies":[{"name":"wp","href":"https:\/\/api.w.org\/{rel}","templated":true}]}}