{"id":1230,"date":"2005-11-09T10:50:29","date_gmt":"2005-11-09T15:50:29","guid":{"rendered":"461722415"},"modified":"2005-11-09T10:50:29","modified_gmt":"2005-11-09T10:50:29","slug":"ique_nos_esta_diciendo_francia","status":"publish","type":"post","link":"https:\/\/fraynelson.com\/blog\/2005\/11\/09\/ique_nos_esta_diciendo_francia\/","title":{"rendered":"\u00bfQu\u00e9 nos est\u00e1 diciendo Francia?"},"content":{"rendered":"<p>Francia ha marcado la delantera en muchas cosas y de muchas maneras. La pol\u00edtica, la filosof\u00eda, el arte, e incluso la moda, han mirado hacia Par\u00eds con respeto, admiraci\u00f3n o temor, bajo la convicci\u00f3n de que consagrarse en la capital de Francia es de alg\u00fan modo haber tocado el coraz\u00f3n de la cultura de Occidente.<\/p>\n<p><p>Por estos d\u00edas manos cargadas de ira colman los barrios pobres de Par\u00eds&#8211;porque tambi\u00e9n hay pobres en Par\u00eds, aunque sean invisibles a los millones de turistas. Incendios, gritos de violencia, amenazas y atentados contra las fuerzas del orden.<\/p>\n<p><p>\u00bfQu\u00e9 nos dicen estos hechos? \u00bfSon incidentes aislados que el Primer Ministro Villepin sabr\u00e1 conjurar? \u00bfSon un intento m\u00e1s de desestabilizar a Chirac, algo as\u00ed como la avanzada de un movimiento pol\u00edtico que emerger\u00e1 como alternativa al &#8220;establishment&#8221; actual? \u00bfSon episodios de nada\u00edsmo, de simple amor al caos, o de rabia que no ha encontrado su cauce?<\/p>\n<p><p>Por ahora no hay respuesta clara a estos interrogantes. Una hip\u00f3tesis cabe, sin embargo: al igual que en Melilla y Ceuta; lo mismo que en las pateras de desesperados rumbo a la Florida, este parece ser un episodio m\u00e1s que revela el volumen de tensi\u00f3n entre Norte y Sur. Es verdad que la destrucci\u00f3n tiene un encanto extra\u00f1o pero real en el coraz\u00f3n humano, como aparece claro en los pir\u00f3manos y en muchos actos terroristas. Existe el placer de destruir. Pero esa no es toda la explicaci\u00f3n a los hechos presentes.<\/p>\n<p><p>Resuena todav\u00eda en mis o\u00eddos la protesta de un africano, cuya voz podr\u00eda atraer la de muchos otros del &#8220;Sur.&#8221; Dec\u00eda este hombre: \u00bfPor qu\u00e9 los productos de mi tierra pueden irse al Norte y yo mismo no puedo ir? \u00bfPor qu\u00e9 tienen visa mis bosques y yo no? \u00bfPor qu\u00e9 yo no debo caber en los barcos donde s\u00ed caben los diamantes de mi suelo?<\/p>\n","protected":false},"excerpt":{"rendered":"<p>Francia ha marcado la delantera en muchas cosas y de muchas maneras. La pol\u00edtica, la filosof\u00eda, el arte, e incluso la moda, han mirado hacia Par\u00eds con respeto, admiraci\u00f3n o temor, bajo la convicci\u00f3n de que consagrarse en la capital de Francia es de alg\u00fan modo haber tocado el coraz\u00f3n de la cultura de Occidente. &hellip; <\/p>\n<p class=\"link-more\"><a href=\"https:\/\/fraynelson.com\/blog\/2005\/11\/09\/ique_nos_esta_diciendo_francia\/\" class=\"more-link\">Continuar leyendo<span class=\"screen-reader-text\"> &#8220;\u00bfQu\u00e9 nos est\u00e1 diciendo Francia?&#8221;<\/span><\/a><\/p>\n","protected":false},"author":1138,"featured_media":0,"comment_status":"open","ping_status":"open","sticky":false,"template":"","format":"standard","meta":{"footnotes":""},"categories":[44],"tags":[],"class_list":["post-1230","post","type-post","status-publish","format-standard","hentry","category-europa-y-occidente"],"jetpack_featured_media_url":"","_links":{"self":[{"href":"https:\/\/fraynelson.com\/blog\/wp-json\/wp\/v2\/posts\/1230","targetHints":{"allow":["GET"]}}],"collection":[{"href":"https:\/\/fraynelson.com\/blog\/wp-json\/wp\/v2\/posts"}],"about":[{"href":"https:\/\/fraynelson.com\/blog\/wp-json\/wp\/v2\/types\/post"}],"author":[{"embeddable":true,"href":"https:\/\/fraynelson.com\/blog\/wp-json\/wp\/v2\/users\/1138"}],"replies":[{"embeddable":true,"href":"https:\/\/fraynelson.com\/blog\/wp-json\/wp\/v2\/comments?post=1230"}],"version-history":[{"count":0,"href":"https:\/\/fraynelson.com\/blog\/wp-json\/wp\/v2\/posts\/1230\/revisions"}],"wp:attachment":[{"href":"https:\/\/fraynelson.com\/blog\/wp-json\/wp\/v2\/media?parent=1230"}],"wp:term":[{"taxonomy":"category","embeddable":true,"href":"https:\/\/fraynelson.com\/blog\/wp-json\/wp\/v2\/categories?post=1230"},{"taxonomy":"post_tag","embeddable":true,"href":"https:\/\/fraynelson.com\/blog\/wp-json\/wp\/v2\/tags?post=1230"}],"curies":[{"name":"wp","href":"https:\/\/api.w.org\/{rel}","templated":true}]}}