{"id":1212,"date":"2005-10-19T22:14:10","date_gmt":"2005-10-20T03:14:10","guid":{"rendered":"1262109484"},"modified":"2005-10-19T22:14:10","modified_gmt":"2005-10-19T22:14:10","slug":"yo_debia_estar_en_ese_tren","status":"publish","type":"post","link":"https:\/\/fraynelson.com\/blog\/2005\/10\/19\/yo_debia_estar_en_ese_tren\/","title":{"rendered":"Yo deb\u00eda estar en ese tren&#8230;"},"content":{"rendered":"<p>Por: Hna. Mar\u00eda Luisa Quintero, O.P.<\/p>\n<p><p>Fray Nelson,<\/p>\n<p><p>En realidad tengo que empezar dici\u00e9ndote que doy gracias a Dios por mi vida, porque yo deb\u00eda estar en aquel tren &#8220;de la muerte&#8221;, porque normalmente tomabamos ese, lo que pas\u00f3 fue que tom\u00e9 otro que hac\u00eda menos paradas, y como una Hermana que nos lleva hasta la estaci\u00f3n no estaba esta semana pasada, entonces nos tocaba irnos por nuestra parte, pues la otra Hermana, se fue m\u00e1s tarde, de tal forma que yo tom\u00e9 el tren de las 7:26, y fue normal hasta llegar a Madrid, porque este va por otra v\u00eda.<\/p>\n<p><p>He llegado all\u00ed y me he encontrado con que la v\u00eda que ten\u00eda que tomar estaba cerrada pero no dec\u00edan el motivo, de tal manera que lo que yo hice fue dirigirme a la estaci\u00f3n de autobuses para ir a la universidad., y as\u00ed he llegado a clase. Por supuesto, all\u00ed nadie sab\u00eda nada, de tal manera que he tenido las dos horas de clase y luego nos han dicho que se suspend\u00edan las clases, me sub\u00ed al autob\u00fas para llegar al metro y luego otro autob\u00fas para llegar a Guadalajara; en fin, un mont\u00f3n de proezas. Total que he llegado a las 2:15 de la tarde y todo el mundo estaba muy preocupado por m\u00ed; de verdad todas las Hermanas se interesaron por m\u00ed. <\/p>\n<p><p>Hemos pasado unos d\u00edas muy horribles, pero a la vez d\u00e1ndole gracias al Padre por todo lo que ha hecho por nosotras, de verdad que cuando no nos llega el momento&#8230; Con todo esto me doy cuenta de lo mucho que las personas nos quieren, o mejor en este caso me quieren, porque llamaron de todas partes desde donde est\u00e1n nuestras hermanas, de Venezuela, Colombia, y todas las casas de Espa\u00f1a, era una preocupaci\u00f3n constante, y cuando hable con mi Provincial ella me lo dec\u00eda con llanto, \u00a1no sabes Luisa cuanto te queremos todas y lo mucho que hemos sufrido por ti! Es verdad porque ella se moviliz\u00f3 de inmediato y llam\u00f3 a todo el mundo e incluso una de mis hermanas fue hasta la universidad para ver si me pod\u00eda localizar, fueron momentos muy duros&#8230; incluso me han llamado de mi casa, mi madre y mis hermanos muy preocupados, porque efectivamente yo pod\u00eda estar all\u00ed&#8230; <\/p>\n<p><p>Bien, pues de todo esto hay una reflexi\u00f3n por hacer y es el dar un sentido y un valor a la vida que Dios me est\u00e1 regalando cada instante; ver y sentirme realmente amada por \u00c9l, pues me pongo a pensar en tanta gente que no ha muerto pero ha quedado muy mal f\u00edsicamente y pienso, yo pudiera ser una de ellas&#8230; No sabes lo doloroso que es el volver a pasar por estos lugares y descubrir el silencio, la soledad, el dolor que se respira en el ambiente; es una sensaci\u00f3n de impotencia, que no llegas a ver una respuesta coherente, te preguntas: \u00bfpueden tener coraz\u00f3n y conciencia aquellos que han hecho todo esto? \u00a1Qu\u00e9 sangre tan fr\u00eda, salir del tren sabiendo que dejas detr\u00e1s una carga de explosivos, sabiendo que la gente que vas a asesinar es gente trabajadora, estudiante, simples ciudadanos de a pie, que muchos de ellos han tenido que salir de sus pa\u00edses huyendo de la violencia! Pienso en tantos compatriotas que han venido a buscar un futuro y se han encontrado con la muerte. Y \u00bfqui\u00e9nes son los causantes de tanto dolor? Pues justamente aquellos que se creen dioses, due\u00f1os del destino del mundo, hombres que buscan su vanagloria, hombres que al igual que los terroristas un d\u00eda han cerrado sus ojos y sus o\u00eddos ante el clamor de tanta gente que ped\u00eda acabar con la guerra.<\/p>\n<p><p>Es un momento de mucho dolor pues no sabes hasta d\u00f3nde es verdad que Dios ha dejado de estar en el coraz\u00f3n del ser humano, pues \u00bfc\u00f3mo es posible ver a otro ser humano como un simple objetivo militar y no como un ser creado por un mismo Dios, como lo eres tu? No ser capaz de descubrir esa huella del Creador en cada uno y respetar su dignidad&#8230; \u00bfPor qu\u00e9 cerrar los ojos mientras realizas actos tan crueles&#8230;? No, no es justo tanto dolor causado en tantas familias, no es justo el dolor que tienen que llevar de ahora en adelante tantos j\u00f3venes que tienen que permanecer en una silla o en una cama para toda su vida.<\/p>\n<p><p>El pueblo efectivamente est\u00e1 lleno de mucho dolor, pero lo peor de todo es el odio que empiezan a albergar en su coraz\u00f3n, que llega hasta el extremo de la xenofobia, pues ahora empezar\u00e1 un momento de buscar culpables y arrojar contra ellos el dolor y la rab\u00eda; ahora empieza un momento de desconcierto y de desconfianza; ya se empieza a notar en el ambiente, en la mente de la personas, en la forma de hablar, en la visi\u00f3n que tienen de la vida&#8230;<\/p>\n<p><p>Y bueno tambi\u00e9n es muy triste que el papel de la Iglesia no tenga mayor relevancia, pues en estos d\u00edas se hacen programas por la radio y la tele sobre el tema, especialmente sobre la vida, e invitan a fil\u00f3sofos, m\u00e9dicos, psic\u00f3logos, en fin a muchas personas, y me pregunto: \u00bfY el te\u00f3logo no tiene una palabra que decir desde la fe? Por supuesto que esto es una prueba de que la voz de la Iglesia no tiene ninguna relevacia, ni importancia. Incluso en la tele salen aquellos que han acompa\u00f1ado a las v\u00edctimas pero no dicen nada de los sacerdotes que estan all\u00ed, o de las religiosas. Por si acaso salen celebrando los funerales, pero no dicen nada de todo lo que se ha dicho en las iglesias, la cantidad de oraciones que se est\u00e1n haci\u00e9ndo, las vigilias, en fin, que de verdad que la Iglesia no cuenta para nada en esta sociedad secularizada. <\/p>\n<p><p>Bueno Fray, perdoname por todo el rollo, lo que pasa es que todo esto est\u00e1 tanto en el coraz\u00f3n de los espa\u00f1oles como en el m\u00edo, y no puedes dejar sentir y pensar tantas cosas y al mismo tiempo descubrir que hay un Dios que se duele ante tanto dolor de sus hijos; que incluso el d\u00eda de la traged\u00eda el d\u00eda se puso gris y luego el viernes todo el d\u00eda lloviendo en Madrid y en Guadalajara. Eran las l\u00e1grimas de Dios Padre que siente nuestro mismo sufrimiento y se une a \u00e9l. Pienso que s\u00ed es importante ver desde la fe este momento hist\u00f3rico, pues no es que Dios quiera nada de lo que esta pasando, sin embargo una vez m\u00e1s vemos a un Dios que sufre por el ser humano, que no sabe conducir su libertad, un ser humano que cuanto m\u00e1s avanza la t\u00e9cnica m\u00e1s se deshumaniza, m\u00e1s fr\u00edo se vuelve su coraz\u00f3n&#8230;<\/p>\n<p><p>Bien, fray, pues despu\u00e9s de todo esto creo que lo \u00fanico que tenemos es confiar en que el Padre sigue esperando de nosotros un coraz\u00f3n noble donde habite la justicia y el amor, un coraz\u00f3n que sepa ver en el hermano un ser con dignidad igual a la suya, un ser que de alguna manera me remite a mi Creador; creo que all\u00ed se debe dirigir nuestra oraci\u00f3n y s\u00faplica, a cambiar nuestro coraz\u00f3n de piedra en un coraz\u00f3n de carne.<\/p>\n<p><p>Que el Se\u00f1or te siga bendiciendo cada d\u00eda y te llene de su amor.<\/p>\n<p><p>Con cari\u00f1o,<\/p>\n<p><p>Luisa <\/p>\n<p>\n","protected":false},"excerpt":{"rendered":"<p>Por: Hna. Mar\u00eda Luisa Quintero, O.P. Fray Nelson, En realidad tengo que empezar dici\u00e9ndote que doy gracias a Dios por mi vida, porque yo deb\u00eda estar en aquel tren &#8220;de la muerte&#8221;, porque normalmente tomabamos ese, lo que pas\u00f3 fue que tom\u00e9 otro que hac\u00eda menos paradas, y como una Hermana que nos lleva hasta &hellip; <\/p>\n<p class=\"link-more\"><a href=\"https:\/\/fraynelson.com\/blog\/2005\/10\/19\/yo_debia_estar_en_ese_tren\/\" class=\"more-link\">Continuar leyendo<span class=\"screen-reader-text\"> &#8220;Yo deb\u00eda estar en ese tren&#8230;&#8221;<\/span><\/a><\/p>\n","protected":false},"author":1138,"featured_media":0,"comment_status":"open","ping_status":"open","sticky":false,"template":"","format":"standard","meta":{"footnotes":""},"categories":[65],"tags":[],"class_list":["post-1212","post","type-post","status-publish","format-standard","hentry","category-testimonios"],"jetpack_featured_media_url":"","_links":{"self":[{"href":"https:\/\/fraynelson.com\/blog\/wp-json\/wp\/v2\/posts\/1212","targetHints":{"allow":["GET"]}}],"collection":[{"href":"https:\/\/fraynelson.com\/blog\/wp-json\/wp\/v2\/posts"}],"about":[{"href":"https:\/\/fraynelson.com\/blog\/wp-json\/wp\/v2\/types\/post"}],"author":[{"embeddable":true,"href":"https:\/\/fraynelson.com\/blog\/wp-json\/wp\/v2\/users\/1138"}],"replies":[{"embeddable":true,"href":"https:\/\/fraynelson.com\/blog\/wp-json\/wp\/v2\/comments?post=1212"}],"version-history":[{"count":0,"href":"https:\/\/fraynelson.com\/blog\/wp-json\/wp\/v2\/posts\/1212\/revisions"}],"wp:attachment":[{"href":"https:\/\/fraynelson.com\/blog\/wp-json\/wp\/v2\/media?parent=1212"}],"wp:term":[{"taxonomy":"category","embeddable":true,"href":"https:\/\/fraynelson.com\/blog\/wp-json\/wp\/v2\/categories?post=1212"},{"taxonomy":"post_tag","embeddable":true,"href":"https:\/\/fraynelson.com\/blog\/wp-json\/wp\/v2\/tags?post=1212"}],"curies":[{"name":"wp","href":"https:\/\/api.w.org\/{rel}","templated":true}]}}