{"id":1207,"date":"2005-10-19T21:50:33","date_gmt":"2005-10-20T02:50:33","guid":{"rendered":"281148491"},"modified":"2005-10-19T21:50:33","modified_gmt":"2005-10-19T21:50:33","slug":"portadores_de_paz_testimonio_de_una_jove","status":"publish","type":"post","link":"https:\/\/fraynelson.com\/blog\/2005\/10\/19\/portadores_de_paz_testimonio_de_una_jove\/","title":{"rendered":"Portadores de paz: testimonio de una joven"},"content":{"rendered":"<p>F\u00e1cilmente te desv\u00edas y m\u00e1s cuando en tu interior te encuentras en una batalla campal de saber qu\u00e9 quieres verdaderamente, y entonces llega la adolescencia, que para muchos es un per\u00edodo de conocer e investigar qu\u00e9 hay m\u00e1s all\u00e1 y qu\u00e9 es prohibido. Ah\u00ed decido que deseo entender por qu\u00e9 los adultos se oponen a ciertos comentarios relacionados a &#8220;tener la mente abierta&#8221;. Cuando escuchaba &#8220;\u00a1no digas eso!&#8221;, me cuestionaba por d\u00edas: &#8220;\u00bfEs acaso prohibido el sexo?&#8221; Me ocup\u00e9 de leer e investigar hasta llegar a saber si verdaderamente lo era. Comprend\u00ed que deb\u00edas mantenerte virgen para tu esposo pero, estando coartada de la confianza de mi familia, decid\u00ed investigar en la calle.<\/p>\n<p><p>En ese tiempo todas las de mi edad estaban viviendo sus experiencias y yo me dec\u00eda &#8220;\u00a1ah, pues yo soy la excepci\u00f3n!&#8221;, hasta culminar a los 21 con un descorazonado que &#8220;por amor&#8221;, supuestamente, me quit\u00f3 la venda de los ojos. Todo aquello se convirti\u00f3 en asqueante para m\u00ed y confuso. Despu\u00e9s de haber tenido uno que otro noviazgo cada vez me sent\u00eda m\u00e1s sucia y no merecedora de nada.<\/p>\n<p><p>Mas despu\u00e9s conoc\u00ed a mi buen Jes\u00fas, que me dice que no importa el pasado, que es totalmente diferente el vivir en \u00c9l, y yo decid\u00ed que no volver\u00eda a estar de esa manera tan asqueante con ning\u00fan hombre hasta tanto mi Jes\u00fas no me diga qu\u00e9 ser\u00e1 de m\u00ed.<\/p>\n<p><p>Pero en el vaiv\u00e9n de la vida he podido comprobar que todo aquel tiempo no fue m\u00e1s que una experiencia que necesitaba vivir. Y comprend\u00ed que podr\u00eda ayudar a la humanidad de otra manera. Por eso cada d\u00eda procuro gritarle a los sordos, ciegos e imposibilitados de saber que Jes\u00fas no est\u00e1 muerto, que est\u00e1 vivo y que vive en cada uno de nosotros cada d\u00eda y en cada momento. Y as\u00ed le cuento a la gente c\u00f3mo lo conoc\u00ed y que es cierto lo que afirmo y que por qu\u00e9 no vienen a tomar de su agua viva y disfrutar de su r\u00edo de agua viva hasta el final de los d\u00edas.<\/p>\n<p><p>Yo creo que es importante cimentar la uni\u00f3n con cada ser humano: solidarizar con ese que est\u00e1 al lado tuyo, y vivir cada d\u00eda como si fuera el \u00faltimo, pues aqu\u00ed estamos &#8220;prestados&#8221;.<\/p>\n<p><p>Entre tanto materialismo e interes, es mejor ser portadores de uni\u00f3n, paz, armon\u00eda, solidaridad, y ser embajadores del amor de Jes\u00fas en cada uno de los lugares donde estemos. Es importante saber que con nuestro Jes\u00fas podemos romper las barreras <\/p>\n<p>de la incomprensi\u00f3n y obtener el amor eterno.<\/p>\n<p><p>Espero que sean de su agrado estas palabras. Pido todos los d\u00edas por la uni\u00f3n y la paz de las familias del mundo&#8230;<\/p>\n<p><p>Su amiga, A.<\/p>\n<p><p>Espero que el Se\u00f1or les bendiga siempre y el Esp\u00edritu Santo los llene de vida y aliente sus esperanzas.<\/p>\n<p>\n<p>\n","protected":false},"excerpt":{"rendered":"<p>F\u00e1cilmente te desv\u00edas y m\u00e1s cuando en tu interior te encuentras en una batalla campal de saber qu\u00e9 quieres verdaderamente, y entonces llega la adolescencia, que para muchos es un per\u00edodo de conocer e investigar qu\u00e9 hay m\u00e1s all\u00e1 y qu\u00e9 es prohibido. Ah\u00ed decido que deseo entender por qu\u00e9 los adultos se oponen a &hellip; <\/p>\n<p class=\"link-more\"><a href=\"https:\/\/fraynelson.com\/blog\/2005\/10\/19\/portadores_de_paz_testimonio_de_una_jove\/\" class=\"more-link\">Continuar leyendo<span class=\"screen-reader-text\"> &#8220;Portadores de paz: testimonio de una joven&#8221;<\/span><\/a><\/p>\n","protected":false},"author":1138,"featured_media":0,"comment_status":"open","ping_status":"open","sticky":false,"template":"","format":"standard","meta":{"footnotes":""},"categories":[65],"tags":[],"class_list":["post-1207","post","type-post","status-publish","format-standard","hentry","category-testimonios"],"jetpack_featured_media_url":"","_links":{"self":[{"href":"https:\/\/fraynelson.com\/blog\/wp-json\/wp\/v2\/posts\/1207","targetHints":{"allow":["GET"]}}],"collection":[{"href":"https:\/\/fraynelson.com\/blog\/wp-json\/wp\/v2\/posts"}],"about":[{"href":"https:\/\/fraynelson.com\/blog\/wp-json\/wp\/v2\/types\/post"}],"author":[{"embeddable":true,"href":"https:\/\/fraynelson.com\/blog\/wp-json\/wp\/v2\/users\/1138"}],"replies":[{"embeddable":true,"href":"https:\/\/fraynelson.com\/blog\/wp-json\/wp\/v2\/comments?post=1207"}],"version-history":[{"count":0,"href":"https:\/\/fraynelson.com\/blog\/wp-json\/wp\/v2\/posts\/1207\/revisions"}],"wp:attachment":[{"href":"https:\/\/fraynelson.com\/blog\/wp-json\/wp\/v2\/media?parent=1207"}],"wp:term":[{"taxonomy":"category","embeddable":true,"href":"https:\/\/fraynelson.com\/blog\/wp-json\/wp\/v2\/categories?post=1207"},{"taxonomy":"post_tag","embeddable":true,"href":"https:\/\/fraynelson.com\/blog\/wp-json\/wp\/v2\/tags?post=1207"}],"curies":[{"name":"wp","href":"https:\/\/api.w.org\/{rel}","templated":true}]}}