{"id":1203,"date":"2005-10-19T19:57:31","date_gmt":"2005-10-20T00:57:31","guid":{"rendered":"707185149"},"modified":"2005-10-19T19:57:31","modified_gmt":"2005-10-19T19:57:31","slug":"testimonio_de_vocacion_virginal","status":"publish","type":"post","link":"https:\/\/fraynelson.com\/blog\/2005\/10\/19\/testimonio_de_vocacion_virginal\/","title":{"rendered":"Testimonio de Vocaci\u00f3n Virginal"},"content":{"rendered":"<p>Ahora tengo 36 a\u00f1os, termin\u00e9 mi carrera de ingenier\u00eda de sistemas a los 22 y me gradu\u00e9 a los 25. Pero, gracias a Dios s\u00ed supe desde ni\u00f1a que Dios era muy importante para m\u00ed y luego a los 11 a\u00f1os tuve una experiencia de Dios, tan dura y a la vez tan profunda, que le ofrec\u00ed mi vida al Se\u00f1or.<\/p>\n<p><p>Bueno, en cuanto a lo de los h\u00e1bitos, para nosotras no son h\u00e1bitos porque no somos religiosas. Se llama Vestido Lit\u00fargico porque como su nombre lo indica lo usamos sobre nuestra ropa particular en los momentos lit\u00fargicos de la Iglesia, la oraci\u00f3n conjunta, las vigilias y la oraci\u00f3n personal en casa.<\/p>\n<p><p>Unas ya lo usamos por la etapa de formaci\u00f3n en la que nos encontramos. Nuestras etapas son las siguientes, las llamamos &#8220;tiempos&#8221; y son:<\/p>\n<p><p>1. Tiempo de Llamado<\/p>\n<p>2. Tiempo de Bendici\u00f3n<\/p>\n<p>3. Tiempo de Elecci\u00f3n<\/p>\n<p>4. Tiempo de Consagraci\u00f3n Temporal<\/p>\n<p>5. Tiempo de Consagraci\u00f3n Perpetua.<\/p>\n<p><p>El Vestido comienza a usarse a partir del Tiempo de Elecci\u00f3n.<\/p>\n<p><p>Tenemos un folleto o plegable que te podr\u00eda hacer llegar por correo certificado si quieres. En ese caso me env\u00edas tu direcci\u00f3n y te lo env\u00edo.<\/p>\n<p><p>Tambi\u00e9n soy muy devota de la Sant\u00edsima Virgen Mar\u00eda, me gusta el estudio, la teolog\u00eda y la predicaci\u00f3n. Pertenezco a la Asociaci\u00f3n Kejaritomene espec\u00edficamente al Cen\u00e1culo del Hijo, cuyo carisma es el estudio, la oraci\u00f3n y la predicaci\u00f3n. Me encanta la guitarra; medio la toco y canto para el Se\u00f1or con ella.<\/p>\n<p><p>En cuanto al apostolado, como no somos congregaci\u00f3n religiosa cada una de nosotras ejerce sus carismas personales seg\u00fan sus profesiones o trabajos, all\u00ed donde nos desenvolvemos.<\/p>\n<p><p>Entre nosotras hay abogadas, administradoras, secretarias, aseadoras, estudiantes universitarias, dibujantes, profesoras entonces no nos congrega el oficio sino la consagraci\u00f3n de amor y entrega virginal al Se\u00f1or por el Reino de los cielos.<\/p>\n<p><p>Eso no impide nuestra ayuda a la parroquia, el ministerio de m\u00fasica, ministerios de la Comuni\u00f3n, el colaborar en las obras de los frailes Dominicos, ayudar en la catequesis, en fin&#8230;.<\/p>\n<p><p>Espero haber respondido a tus inquietudes.<\/p>\n<p><p>Fraternalmente en el amor de Cristo y Mar\u00eda.<\/p>\n<p><p>Martha C. Gait\u00e1n,<\/p>\n<p>Virgen Seglar Dominica<\/p>\n<p>\n<p>\n","protected":false},"excerpt":{"rendered":"<p>Ahora tengo 36 a\u00f1os, termin\u00e9 mi carrera de ingenier\u00eda de sistemas a los 22 y me gradu\u00e9 a los 25. Pero, gracias a Dios s\u00ed supe desde ni\u00f1a que Dios era muy importante para m\u00ed y luego a los 11 a\u00f1os tuve una experiencia de Dios, tan dura y a la vez tan profunda, que &hellip; <\/p>\n<p class=\"link-more\"><a href=\"https:\/\/fraynelson.com\/blog\/2005\/10\/19\/testimonio_de_vocacion_virginal\/\" class=\"more-link\">Continuar leyendo<span class=\"screen-reader-text\"> &#8220;Testimonio de Vocaci\u00f3n Virginal&#8221;<\/span><\/a><\/p>\n","protected":false},"author":1138,"featured_media":0,"comment_status":"open","ping_status":"open","sticky":false,"template":"","format":"standard","meta":{"footnotes":""},"categories":[42],"tags":[],"class_list":["post-1203","post","type-post","status-publish","format-standard","hentry","category-sacerdotes-y-vocaciones"],"jetpack_featured_media_url":"","_links":{"self":[{"href":"https:\/\/fraynelson.com\/blog\/wp-json\/wp\/v2\/posts\/1203","targetHints":{"allow":["GET"]}}],"collection":[{"href":"https:\/\/fraynelson.com\/blog\/wp-json\/wp\/v2\/posts"}],"about":[{"href":"https:\/\/fraynelson.com\/blog\/wp-json\/wp\/v2\/types\/post"}],"author":[{"embeddable":true,"href":"https:\/\/fraynelson.com\/blog\/wp-json\/wp\/v2\/users\/1138"}],"replies":[{"embeddable":true,"href":"https:\/\/fraynelson.com\/blog\/wp-json\/wp\/v2\/comments?post=1203"}],"version-history":[{"count":0,"href":"https:\/\/fraynelson.com\/blog\/wp-json\/wp\/v2\/posts\/1203\/revisions"}],"wp:attachment":[{"href":"https:\/\/fraynelson.com\/blog\/wp-json\/wp\/v2\/media?parent=1203"}],"wp:term":[{"taxonomy":"category","embeddable":true,"href":"https:\/\/fraynelson.com\/blog\/wp-json\/wp\/v2\/categories?post=1203"},{"taxonomy":"post_tag","embeddable":true,"href":"https:\/\/fraynelson.com\/blog\/wp-json\/wp\/v2\/tags?post=1203"}],"curies":[{"name":"wp","href":"https:\/\/api.w.org\/{rel}","templated":true}]}}