{"id":119698,"date":"2026-09-05T12:18:55","date_gmt":"2026-09-05T17:18:55","guid":{"rendered":"https:\/\/fraynelson.com\/blog\/?p=119698"},"modified":"2026-09-04T10:30:14","modified_gmt":"2026-09-04T15:30:14","slug":"la-gracia-2026-09-07-el-verdadero-sentido-del-descanso","status":"publish","type":"post","link":"https:\/\/fraynelson.com\/blog\/2026\/09\/05\/la-gracia-2026-09-07-el-verdadero-sentido-del-descanso\/","title":{"rendered":"LA GRACIA 2026\/09\/07 El verdadero sentido del descanso"},"content":{"rendered":"<p>El d\u00eda de descanso, para nosotros cat\u00f3licos el domingo, es tiempo para agradecer, disfrutar y compartir el bien que Dios nos ha dado. El verdadero descanso se vive en Dios, en familia, en comunidad y en la caridad. <\/p>\n<p><iframe loading=\"lazy\" title=\"LA GRACIA 2026\/09\/07\" width=\"525\" height=\"295\" src=\"https:\/\/www.youtube.com\/embed\/gBQynEr8Q-Y?feature=oembed\" frameborder=\"0\" allow=\"accelerometer; autoplay; clipboard-write; encrypted-media; gyroscope; picture-in-picture; web-share\" referrerpolicy=\"strict-origin-when-cross-origin\" allowfullscreen><\/iframe><\/p>\n<audio class=\"wp-audio-shortcode\" id=\"audio-119698-1\" preload=\"none\" style=\"width: 100%;\" controls=\"controls\"><source type=\"audio\/mpeg\" src=\"http:\/\/traffic.libsyn.com\/fraynelson\/o231013a.mp3?_=1\" \/><a href=\"http:\/\/traffic.libsyn.com\/fraynelson\/o231013a.mp3\">http:\/\/traffic.libsyn.com\/fraynelson\/o231013a.mp3<\/a><\/audio>\n<p>[<strong>REPRODUCCI\u00d3N PERMITIDA<\/strong> <em>en redes sociales, blogs, emisoras de radio, y otros medios<\/em>. <span style=\"color: #993300;\">Tu donaci\u00f3n hace fuerte la evangelizaci\u00f3n cat\u00f3lica. <a style=\"color: #993300;\" href=\"https:\/\/paypal.me\/fraynelsonmedina?locale.x=es_XC\" target=\"_blank\" rel=\"noopener noreferrer\">\u00a1Dona ahora<\/a>!<\/span>]<\/p>\n\n","protected":false},"excerpt":{"rendered":"<p>El d\u00eda de descanso, para nosotros cat\u00f3licos el domingo, es tiempo para agradecer, disfrutar y compartir el bien que Dios nos ha dado. El verdadero descanso se vive en Dios, en familia, en comunidad y en la caridad. http:\/\/traffic.libsyn.com\/fraynelson\/o231013a.mp3<\/p>\n","protected":false},"author":1140,"featured_media":0,"comment_status":"closed","ping_status":"closed","sticky":false,"template":"","format":"standard","meta":{"footnotes":""},"categories":[291,1085,952,307,841,744,302],"tags":[],"class_list":["post-119698","post","type-post","status-publish","format-standard","hentry","category-audio","category-descanso","category-domingo","category-homilias","category-micro-homilias","category-sabado","category-video"],"jetpack_featured_media_url":"","_links":{"self":[{"href":"https:\/\/fraynelson.com\/blog\/wp-json\/wp\/v2\/posts\/119698","targetHints":{"allow":["GET"]}}],"collection":[{"href":"https:\/\/fraynelson.com\/blog\/wp-json\/wp\/v2\/posts"}],"about":[{"href":"https:\/\/fraynelson.com\/blog\/wp-json\/wp\/v2\/types\/post"}],"author":[{"embeddable":true,"href":"https:\/\/fraynelson.com\/blog\/wp-json\/wp\/v2\/users\/1140"}],"replies":[{"embeddable":true,"href":"https:\/\/fraynelson.com\/blog\/wp-json\/wp\/v2\/comments?post=119698"}],"version-history":[{"count":3,"href":"https:\/\/fraynelson.com\/blog\/wp-json\/wp\/v2\/posts\/119698\/revisions"}],"predecessor-version":[{"id":119727,"href":"https:\/\/fraynelson.com\/blog\/wp-json\/wp\/v2\/posts\/119698\/revisions\/119727"}],"wp:attachment":[{"href":"https:\/\/fraynelson.com\/blog\/wp-json\/wp\/v2\/media?parent=119698"}],"wp:term":[{"taxonomy":"category","embeddable":true,"href":"https:\/\/fraynelson.com\/blog\/wp-json\/wp\/v2\/categories?post=119698"},{"taxonomy":"post_tag","embeddable":true,"href":"https:\/\/fraynelson.com\/blog\/wp-json\/wp\/v2\/tags?post=119698"}],"curies":[{"name":"wp","href":"https:\/\/api.w.org\/{rel}","templated":true}]}}