{"id":119599,"date":"2026-09-01T12:17:13","date_gmt":"2026-09-01T17:17:13","guid":{"rendered":"https:\/\/fraynelson.com\/blog\/?p=119599"},"modified":"2026-08-28T11:39:15","modified_gmt":"2026-08-28T16:39:15","slug":"la-gracia-2026-09-03-la-palabra-de-cristo-es-el-centro-de-la-evangelizacion","status":"publish","type":"post","link":"https:\/\/fraynelson.com\/blog\/2026\/09\/01\/la-gracia-2026-09-03-la-palabra-de-cristo-es-el-centro-de-la-evangelizacion\/","title":{"rendered":"LA GRACIA 2026\/09\/03 La Palabra de Cristo es el centro de la evangelizaci\u00f3n"},"content":{"rendered":"<p>La Palabra de Cristo transforma los corazones y hace fecunda la evangelizaci\u00f3n. El futuro de la Iglesia y de la humanidad depende de poner a Cristo y su Palabra en el centro. <\/p>\n<p><iframe loading=\"lazy\" title=\"LA GRACIA 2026\/09\/03\" width=\"525\" height=\"295\" src=\"https:\/\/www.youtube.com\/embed\/-BzvNZFqC3c?feature=oembed\" frameborder=\"0\" allow=\"accelerometer; autoplay; clipboard-write; encrypted-media; gyroscope; picture-in-picture; web-share\" referrerpolicy=\"strict-origin-when-cross-origin\" allowfullscreen><\/iframe><\/p>\n<audio class=\"wp-audio-shortcode\" id=\"audio-119599-1\" preload=\"none\" style=\"width: 100%;\" controls=\"controls\"><source type=\"audio\/mpeg\" src=\"http:\/\/traffic.libsyn.com\/fraynelson\/o224013a.mp3?_=1\" \/><a href=\"http:\/\/traffic.libsyn.com\/fraynelson\/o224013a.mp3\">http:\/\/traffic.libsyn.com\/fraynelson\/o224013a.mp3<\/a><\/audio>\n<p>[<strong>REPRODUCCI\u00d3N PERMITIDA<\/strong> <em>en redes sociales, blogs, emisoras de radio, y otros medios<\/em>. <span style=\"color: #993300;\">Tu donaci\u00f3n hace fuerte la evangelizaci\u00f3n cat\u00f3lica. <a style=\"color: #993300;\" href=\"https:\/\/paypal.me\/fraynelsonmedina?locale.x=es_XC\" target=\"_blank\" rel=\"noopener noreferrer\">\u00a1Dona ahora<\/a>!<\/span>]<\/p>\n\n","protected":false},"excerpt":{"rendered":"<p>La Palabra de Cristo transforma los corazones y hace fecunda la evangelizaci\u00f3n. El futuro de la Iglesia y de la humanidad depende de poner a Cristo y su Palabra en el centro. http:\/\/traffic.libsyn.com\/fraynelson\/o224013a.mp3<\/p>\n","protected":false},"author":1140,"featured_media":0,"comment_status":"closed","ping_status":"closed","sticky":false,"template":"","format":"standard","meta":{"footnotes":""},"categories":[291,334,307,841,422,302],"tags":[],"class_list":["post-119599","post","type-post","status-publish","format-standard","hentry","category-audio","category-evangelizacion","category-homilias","category-micro-homilias","category-palabra_de_dios","category-video"],"jetpack_featured_media_url":"","_links":{"self":[{"href":"https:\/\/fraynelson.com\/blog\/wp-json\/wp\/v2\/posts\/119599","targetHints":{"allow":["GET"]}}],"collection":[{"href":"https:\/\/fraynelson.com\/blog\/wp-json\/wp\/v2\/posts"}],"about":[{"href":"https:\/\/fraynelson.com\/blog\/wp-json\/wp\/v2\/types\/post"}],"author":[{"embeddable":true,"href":"https:\/\/fraynelson.com\/blog\/wp-json\/wp\/v2\/users\/1140"}],"replies":[{"embeddable":true,"href":"https:\/\/fraynelson.com\/blog\/wp-json\/wp\/v2\/comments?post=119599"}],"version-history":[{"count":3,"href":"https:\/\/fraynelson.com\/blog\/wp-json\/wp\/v2\/posts\/119599\/revisions"}],"predecessor-version":[{"id":119621,"href":"https:\/\/fraynelson.com\/blog\/wp-json\/wp\/v2\/posts\/119599\/revisions\/119621"}],"wp:attachment":[{"href":"https:\/\/fraynelson.com\/blog\/wp-json\/wp\/v2\/media?parent=119599"}],"wp:term":[{"taxonomy":"category","embeddable":true,"href":"https:\/\/fraynelson.com\/blog\/wp-json\/wp\/v2\/categories?post=119599"},{"taxonomy":"post_tag","embeddable":true,"href":"https:\/\/fraynelson.com\/blog\/wp-json\/wp\/v2\/tags?post=119599"}],"curies":[{"name":"wp","href":"https:\/\/api.w.org\/{rel}","templated":true}]}}