{"id":1189,"date":"2005-10-17T20:23:49","date_gmt":"2005-10-18T01:23:49","guid":{"rendered":"361197642"},"modified":"2005-10-17T20:25:27","modified_gmt":"2005-10-17T20:25:27","slug":"seno_tu_lo_sabes_todo_tu_sabes_que_te_am","status":"publish","type":"post","link":"https:\/\/fraynelson.com\/blog\/2005\/10\/17\/seno_tu_lo_sabes_todo_tu_sabes_que_te_am\/","title":{"rendered":"Se\u00f1or, Tu lo sabes todo, Tu sabes que te Amo."},"content":{"rendered":"<p>Jn 21, 17<\/p>\n<p>Cr\u00f3nica de la ordenaci\u00f3n sacerdotal de Rafael Sampayo<\/p>\n<p><p>La Catedral Nuestra Se\u00f1ora del Carmen estaba dignamente adornada para una hermosa fiesta, m\u00e1s que una fiesta, una consagraci\u00f3n especial. Con temor y temblor avanzamos los cuatro di\u00e1conos en medio de una multitud orgullosa de ver como Dios los bendec\u00eda con nuevos ministros para su servicio; el canto de &#8220;este es el d\u00eda que hizo el Se\u00f1or&#8221; inundaba todo el lugar y en mi coraz\u00f3n se confirmaba esa hermosa frase: s\u00ed, verdaderamente este es el d\u00eda que hizo el Se\u00f1or para consagrarme, para hacerme su sacerdote para la eternidad, es algo que nadie me va a quitar jam\u00e1s.<\/p>\n<p><p>Durante los d\u00edas previos a la ordenaci\u00f3n, en donde la oraci\u00f3n, la paz, la alegr\u00eda, los recuerdos hicieron paso por las vidas de quienes recibir\u00edamos este maravilloso don, nos unimos estrechamente al compartir numerosas circunstancias que hab\u00edamos vivido a nivel individual y en medio de las comunidades en donde ejerc\u00edamos el diaconado. El apoyo y la oraci\u00f3n de miles de personas nos mostraban cuanto nos estaba amando Dios: el llamado realizado por el Se\u00f1or Obispo al Orden Sacerdotal, la alegr\u00eda y dedicaci\u00f3n de los formadores del Seminario Mayor, el orgullo de nuestras familias, el logro que tantos amigos hicieron propio este momento en que recibir\u00edamos el Orden Sacerdotal, la esperanza de las Asociaciones nacientes en nuestra Di\u00f3cesis de ver un ministro m\u00e1s que apoyara toda la obra que se est\u00e1 llevando a cabo, la mirada de muchos seminaristas de ver como algunos compa\u00f1eros de ellos llegaban al momento tan anhelado del sacerdocio, la emoci\u00f3n en muchos j\u00f3venes que todav\u00eda est\u00e1n discerniendo si Dios los est\u00e1 llamando para ser siervos suyos, y que en un momento de estos se pod\u00eda definir su respuesta. En fin, todo estaba preparado para vivir el Gran Regalo de Dios.<\/p>\n<p><p>As\u00ed llegu\u00e9 al lugar que me correspond\u00eda sentarme en la ceremonia, al lado del Diacono Hernando Tovar. Solo quer\u00eda disfrutar ese momento, vivirlo, orarlo, dejarme amar por Dios. Ya todos los preparativos, temores, ensayos, hab\u00edan quedado atr\u00e1s, ahora era experimentar la ordenaci\u00f3n sacerdotal en primera persona, ya no era un amigo o un conocido, no\u2026 me estaba ordenando sacerdote, y lo mejor que ten\u00eda que hacer era vivir esa Eucarist\u00eda \u00fanica para mi vida.<\/p>\n<p><p>La liturgia de una ordenaci\u00f3n sacerdotal est\u00e1 cargada de numerosos signos en donde el candidato es aceptado por el Obispo, luego de ser presentado por el Rector del Seminario Mayor, el interrogatorio, la promesa de Obediencia ante el Obispo, la postraci\u00f3n y el canto de las letan\u00edas, la imposici\u00f3n de las manos por parte del Obispo y todo el presbiterio, el revestirse con la estola sacerdotal y la casulla, la consagraci\u00f3n con el santo crisma, la entrega de el c\u00e1liz y la patena, el ubicarse en el altar para la concelebraci\u00f3n, el participar en la plegaria eucar\u00edstica, el repartir la comuni\u00f3n como sacerdote\u2026 son momentos que no se apartar\u00e1n de la memoria y mucho menos del coraz\u00f3n.<\/p>\n<p><p>En medio de este conjunto magn\u00edfico y enriquecedor que posee la Iglesia Cat\u00f3lica para una ordenaci\u00f3n sacerdotal, dos aspectos recuerdo vivamente, sin desvirtuar los dem\u00e1s: la homil\u00eda pronunciada por Monse\u00f1or Octavio Ruiz, en donde nos recordaba que el sacerdote es sacado de en medio del pueblo para servirle, no cumple una funci\u00f3n, es tomado por Dios para ser parte de su heredad, es ser pertenencia divina, propiedad de Jesucristo y como pertenencia suya, instrumento de santificaci\u00f3n del pueblo al cual tiene que llevar a su Se\u00f1or para que todos tengan un solo pastor y ser todos parte de un solo reba\u00f1o.<\/p>\n<p><p>Otro momento que impact\u00f3 mi vida en este &#8220;d\u00eda que hizo el Se\u00f1or&#8221; fue la imposici\u00f3n de manos por parte del Obispo, el Obispo Em\u00e9rito y todos los sacerdotes, el sumergirme en la oraci\u00f3n al recibir esta herencia desde tiempos apost\u00f3licos fue motivo para clamar al divino Esp\u00edritu que me inundara de El, me quemara con su fuego y sus llamas de amor jam\u00e1s se extinguieran durante el resto de mi vida\u2026<\/p>\n<p><p>Que hermoso es ser sacerdote, que gran regalo he recibido y que responsabilidad tan enorme tengo ahora. Mas que so\u00f1ar, es comenzar a servir, a entregarme, a dejar que el pueblo de Dios vea bendecir, perdonar, acompa\u00f1ar, consolar a Jes\u00fas a trav\u00e9s de m\u00ed.<\/p>\n<p><p>Es decirle al Se\u00f1or, retomando tambi\u00e9n las palabras de Monse\u00f1or Octavio en su homil\u00eda: Se\u00f1or tu lo sabes todo, tu sabes que yo te amo. Y como respuesta a ese amor, la misi\u00f3n es apacentar y confirmar a mis hermanos en el amor. T\u00fa sabes que te amo, porque te he visto am\u00e1ndome muchas veces en mi debilidad y en mi alegr\u00eda, porque a donde quiera que voy tu amor est\u00e1 all\u00ed d\u00e1ndome la bienvenida. Tu sabes que te amo porque amor con amor se paga y deseo realizar diariamente el ejercicio de amarte en todo lo que me presentes diariamente aunque no me parezca lo mejor, pero si t\u00fa me lo das, ser\u00e1 lo mejor para m\u00ed\u2026 Tu sabes que te amo.<\/p>\n<p><p>A la Madre de Dios le encanta guardar en su coraz\u00f3n a los sacerdotes, y ella, desde hace mucho tiempo me ha estado guiando, acompa\u00f1ando, consolando y animando para que no desista en seguir a Jes\u00fas. Ella constantemente con su oraci\u00f3n y silencio me ense\u00f1a el camino para amar a Jes\u00fas. Desde las advocaciones de la Virgen del Carmen y la Reina de la Paz he podido comprender poco a poco sus ense\u00f1anzas para decirle &#8220;Si&#8221; a Jes\u00fas, &#8220;Si&#8221;, al Verdadero y \u00danico Sacerdote para ofrecer todo lo que El mismo me da. <\/p>\n<p><p>En uni\u00f3n con los padres Luis Carlos Escobar, Javier Ram\u00edrez y Hernando Tovar, deseo ofrecer nuestro ministerio sacerdotal a toda la Di\u00f3cesis de Villavicencio, a la Iglesia Universal, siendo testigos del Amor que se ofrece constantemente para nuestra salvaci\u00f3n.<\/p>\n<p>\n<p>\n","protected":false},"excerpt":{"rendered":"<p>Jn 21, 17 Cr\u00f3nica de la ordenaci\u00f3n sacerdotal de Rafael Sampayo La Catedral Nuestra Se\u00f1ora del Carmen estaba dignamente adornada para una hermosa fiesta, m\u00e1s que una fiesta, una consagraci\u00f3n especial. Con temor y temblor avanzamos los cuatro di\u00e1conos en medio de una multitud orgullosa de ver como Dios los bendec\u00eda con nuevos ministros para &hellip; <\/p>\n<p class=\"link-more\"><a href=\"https:\/\/fraynelson.com\/blog\/2005\/10\/17\/seno_tu_lo_sabes_todo_tu_sabes_que_te_am\/\" class=\"more-link\">Continuar leyendo<span class=\"screen-reader-text\"> &#8220;Se\u00f1or, Tu lo sabes todo, Tu sabes que te Amo.&#8221;<\/span><\/a><\/p>\n","protected":false},"author":1138,"featured_media":0,"comment_status":"open","ping_status":"open","sticky":false,"template":"","format":"standard","meta":{"footnotes":""},"categories":[42],"tags":[],"class_list":["post-1189","post","type-post","status-publish","format-standard","hentry","category-sacerdotes-y-vocaciones"],"jetpack_featured_media_url":"","_links":{"self":[{"href":"https:\/\/fraynelson.com\/blog\/wp-json\/wp\/v2\/posts\/1189","targetHints":{"allow":["GET"]}}],"collection":[{"href":"https:\/\/fraynelson.com\/blog\/wp-json\/wp\/v2\/posts"}],"about":[{"href":"https:\/\/fraynelson.com\/blog\/wp-json\/wp\/v2\/types\/post"}],"author":[{"embeddable":true,"href":"https:\/\/fraynelson.com\/blog\/wp-json\/wp\/v2\/users\/1138"}],"replies":[{"embeddable":true,"href":"https:\/\/fraynelson.com\/blog\/wp-json\/wp\/v2\/comments?post=1189"}],"version-history":[{"count":0,"href":"https:\/\/fraynelson.com\/blog\/wp-json\/wp\/v2\/posts\/1189\/revisions"}],"wp:attachment":[{"href":"https:\/\/fraynelson.com\/blog\/wp-json\/wp\/v2\/media?parent=1189"}],"wp:term":[{"taxonomy":"category","embeddable":true,"href":"https:\/\/fraynelson.com\/blog\/wp-json\/wp\/v2\/categories?post=1189"},{"taxonomy":"post_tag","embeddable":true,"href":"https:\/\/fraynelson.com\/blog\/wp-json\/wp\/v2\/tags?post=1189"}],"curies":[{"name":"wp","href":"https:\/\/api.w.org\/{rel}","templated":true}]}}