{"id":1186,"date":"2005-10-17T19:54:40","date_gmt":"2005-10-18T00:54:40","guid":{"rendered":"1816428478"},"modified":"2005-10-17T19:54:40","modified_gmt":"2005-10-17T19:54:40","slug":"nunca_me_ha_abandonado_dios_y_menos_ahor","status":"publish","type":"post","link":"https:\/\/fraynelson.com\/blog\/2005\/10\/17\/nunca_me_ha_abandonado_dios_y_menos_ahor\/","title":{"rendered":"Nunca me ha abandonado Dios, y menos ahora"},"content":{"rendered":"<p>Ante la enfermedad:<\/p>\n<p>\u00c9ste es el testimonio, impresionante y lleno de esperanza, de un hombre joven, casado y padre de un hijo adoptado. Enfermo de c\u00e1ncer, sigue confiando en el inmenso amor y sabidur\u00eda de Dios. \u00c9stas son sus palabras:<\/p>\n<p><p>Me llamo Alfonso Cervantes Pav\u00f3n y tengo 40 a\u00f1os de edad. Estoy casado con Isabel Oviedo y llevamos 14 a\u00f1os de matrimonio. Hace un a\u00f1o y medio adoptamos a un ni\u00f1o peque\u00f1o. Dios, en el v\u00ednculo matrimonial, no nos hab\u00eda concedido hasta ese momento ninguno. Ya est\u00e1 cercano a los tres a\u00f1os de edad (los cumple el 18 de julio). Se llama \u00c1ngel (ciertamente es un \u00e1ngel para nosotros) y padece retraso psicomotor, como consecuencia de una encefalopat\u00eda prenatal. Quiero contar, a trav\u00e9s de estas l\u00edneas, mi experiencia de c\u00f3mo el Se\u00f1or ha acontecido en mi vida. Lo conoc\u00ed hace ya muchos a\u00f1os, cuando empec\u00e9 este Camino de gestaci\u00f3n en la fe que es el Camino Neocatecumenal. En la Iglesia, \u00c9l se ha revelado como un Padre que me cuida, gu\u00eda mi vida y me ofrece diariamente la salvaci\u00f3n y el perd\u00f3n de mis pecados. En el entorno familiar, he tenido los problemas t\u00edpicos de convivencia de todos los matrimonios, pero siempre con el perd\u00f3n del Se\u00f1or como respuesta a nuestras debilidades. En el aspecto laboral, he alternado tiempos de trabajo como alba\u00f1il, tubero, operario en la construcci\u00f3n de barcos&#8230;, pasando tambi\u00e9n por momentos de desempleo.<\/p>\n<p>Especialmente significativos, aquellos tiempos que vienen a mi memoria ahora de forma especial. Trabajaba por aquel entonces como operario en la construcci\u00f3n de un barco. Inesperadamente, y sin estar \u00e9ste finalizado, sufr\u00ed un despido que, ciertamente, no esperaba. Aquellas fechas, mi parroquia, mi segunda casa necesitaba mano de obra para finalizar la fase de construcci\u00f3n de los salones de Catequesis. El complejo parroquial se ha terminado a base de donaciones y de personas que han trabajado sin recibir ninguna compensaci\u00f3n material a cambio. En contra, espiritualmente, todos los que hemos echado alguna peonada hemos recibido bendiciones de Dios, el ciento por uno, porque Dios nos ha bendecido con la fe, algo que hoy se me revela m\u00e1s valioso que todo aquello que la sociedad me puede ofrecer, inclu\u00eda la salud.<\/p>\n<p><p>Para gloria de Dios<\/p>\n<p>Nunca Dios me ha abandonado, y menos ahora. A principios de diciembre de 2001, acud\u00ed al m\u00e9dico por padecer un fuerte dolor pectoral. Con el paso de los d\u00edas, observaba c\u00f3mo el cuadro cl\u00ednico se iba agravando, al aumentar el dolor y por la aparici\u00f3n de fiebre intermitente. En la tarde del d\u00eda de Navidad, qued\u00e9 ingresado en el Hospital Universitario Puerta del Mar de C\u00e1diz. Quer\u00edan realizarme algunas pruebas. Se pens\u00f3 en la posibilidad de una hepatitis C, de una inflamaci\u00f3n hep\u00e1tica, o alguna enfermedad parecida; al cabo de unos d\u00edas y sin mejor\u00eda aparente, recib\u00ed el alta m\u00e9dica en espera de resultados de unas pruebas m\u00e9dicas. Fueron pasando los d\u00edas y continuaba sin experimentar mejor\u00eda alguna. Una tarde del mes de febrero, tras recibir la visita del padre Emilio, el p\u00e1rroco de San Jos\u00e9 Artesano, y algunos miembros de mi Comunidad Neocatecumenal, mi mujer, en contra de la voluntad de los m\u00e9dicos, me revel\u00f3 la verdad: \u00abTienes un c\u00e1ncer de h\u00edgado\u00bb, me dijo entre l\u00e1grimas. Una enfermedad de mal pron\u00f3stico, e irreversible por lo avanzado de su estado. No hab\u00eda soluci\u00f3n.<\/p>\n<p><p>En aquel momento ocurri\u00f3 algo sorprendente y trascendental: tras recibir la noticia de mi enfermedad, no me asust\u00e9. El Esp\u00edritu Santo, sin duda, nos asisti\u00f3 a mi mujer y a m\u00ed, y nos acompa\u00f1\u00f3 durante aquella tarde. Experiment\u00e9 una paz interior que no se puede describir ni explicar.<\/p>\n<p><p>Con esto quiero decir que Dios realmente asiste en los momentos trascendentales de la vida. Sin duda, el Se\u00f1or me paraba los pies. Van pasando lentamente los d\u00edas desde mi lecho. Ya apenas me levanto. He salido de casa algunos s\u00e1bados para acudir a la Eucarist\u00eda en la parroquia. Solamente incorporarme del lecho me produce el mismo cansancio que a vosotros un d\u00eda entero de trabajo. Pero, como dice el salmo, El Se\u00f1or est\u00e1 conmigo todos los d\u00edas. \u00c9l me asiste en mis dolores. Hace un par de semanas me han reforzado el tratamiento contra el dolor, para tener una mejor calidad de vida. Pero realmente lo que me hace sufrir son aquellas personas cercanas a mi familia que de alguna forma se han separado de Dios, han abandonado la fe, buscan, sin duda, la felicidad en otras cosas&#8230; Ruego al Se\u00f1or por ellas.<\/p>\n<p>Tengo muy claro que no soy yo, es Dios quien lleva mi enfermedad. Esta situaci\u00f3n me supera, y ha redimensionado mi vida. Personalmente, no tendr\u00eda fuerzas para llevarla adelante sin su ayuda. La garant\u00eda de que \u00c9l existe es que esta fuerza que act\u00faa en m\u00ed es espiritual. Esto no lo puede explicar ni la ciencia ni la sabidur\u00eda humana, porque esta fuerza viene de Dios.<\/p>\n<p>Espero y le pido constantemente no dudar de su amor, para que no salga de mis labios la siguiente pregunta: &#8220;\u00bfPor qu\u00e9 a m\u00ed?&#8221;; deseo con todo mi coraz\u00f3n resistir a las acechanzas del demonio, que quiere que yo juzgue a Dios. Para gloria de Dios, no lo ha conseguido. Me siento asistido por todos los que me rodean, no s\u00f3lo con su presencia, sino sobre todo por medio de la oraci\u00f3n.<\/p>\n<p>Todos los d\u00edas recibo a Jesucristo en la Comuni\u00f3n y esto me mantiene vivo, me da fuerzas para dar una palabra de \u00e1nimo a quien lo necesita. Es Dios quien viene a m\u00ed; me visita, de igual forma que visit\u00f3 a la Virgen Mar\u00eda. Tambi\u00e9n siento la presencia de Ella, mi Madre del Cielo, que escondida, en lo oculto, tambi\u00e9n intercede por m\u00ed.<\/p>\n<p><p>S\u00e9 que me muero, no s\u00e9 exactamente cu\u00e1ndo Dios me querr\u00e1 llevar, pero tengo la garant\u00eda de que la muerte es precisamente un nacer a la Vida Eterna. Es el paso necesario para llegar a la presencia del Padre. S\u00e9 que en esta vida que se acaba \u2013y que aquellos que me visitan y no creen en Dios lamentan como si hubiera reca\u00eddo sobre m\u00ed una maldici\u00f3n\u2013 es necesario pasar por este trance, dar el salto a lo mejor, a lo definitivo, a lo verdadero: la Vida Eterna, la presencia del Padre.<\/p>\n<p>\n<p>\n","protected":false},"excerpt":{"rendered":"<p>Ante la enfermedad: \u00c9ste es el testimonio, impresionante y lleno de esperanza, de un hombre joven, casado y padre de un hijo adoptado. Enfermo de c\u00e1ncer, sigue confiando en el inmenso amor y sabidur\u00eda de Dios. \u00c9stas son sus palabras: Me llamo Alfonso Cervantes Pav\u00f3n y tengo 40 a\u00f1os de edad. Estoy casado con Isabel &hellip; <\/p>\n<p class=\"link-more\"><a href=\"https:\/\/fraynelson.com\/blog\/2005\/10\/17\/nunca_me_ha_abandonado_dios_y_menos_ahor\/\" class=\"more-link\">Continuar leyendo<span class=\"screen-reader-text\"> &#8220;Nunca me ha abandonado Dios, y menos ahora&#8221;<\/span><\/a><\/p>\n","protected":false},"author":1138,"featured_media":0,"comment_status":"open","ping_status":"open","sticky":false,"template":"","format":"standard","meta":{"footnotes":""},"categories":[65],"tags":[],"class_list":["post-1186","post","type-post","status-publish","format-standard","hentry","category-testimonios"],"jetpack_featured_media_url":"","_links":{"self":[{"href":"https:\/\/fraynelson.com\/blog\/wp-json\/wp\/v2\/posts\/1186","targetHints":{"allow":["GET"]}}],"collection":[{"href":"https:\/\/fraynelson.com\/blog\/wp-json\/wp\/v2\/posts"}],"about":[{"href":"https:\/\/fraynelson.com\/blog\/wp-json\/wp\/v2\/types\/post"}],"author":[{"embeddable":true,"href":"https:\/\/fraynelson.com\/blog\/wp-json\/wp\/v2\/users\/1138"}],"replies":[{"embeddable":true,"href":"https:\/\/fraynelson.com\/blog\/wp-json\/wp\/v2\/comments?post=1186"}],"version-history":[{"count":0,"href":"https:\/\/fraynelson.com\/blog\/wp-json\/wp\/v2\/posts\/1186\/revisions"}],"wp:attachment":[{"href":"https:\/\/fraynelson.com\/blog\/wp-json\/wp\/v2\/media?parent=1186"}],"wp:term":[{"taxonomy":"category","embeddable":true,"href":"https:\/\/fraynelson.com\/blog\/wp-json\/wp\/v2\/categories?post=1186"},{"taxonomy":"post_tag","embeddable":true,"href":"https:\/\/fraynelson.com\/blog\/wp-json\/wp\/v2\/tags?post=1186"}],"curies":[{"name":"wp","href":"https:\/\/api.w.org\/{rel}","templated":true}]}}