{"id":117637,"date":"2026-05-02T02:45:24","date_gmt":"2026-05-02T07:45:24","guid":{"rendered":"https:\/\/fraynelson.com\/blog\/?p=117637"},"modified":"2026-04-28T10:03:47","modified_gmt":"2026-04-28T15:03:47","slug":"breve-ordo-para-la-semanadel-3-al-9-de-mayo-de-2026","status":"publish","type":"post","link":"https:\/\/fraynelson.com\/blog\/2026\/05\/02\/breve-ordo-para-la-semanadel-3-al-9-de-mayo-de-2026\/","title":{"rendered":"Breve ordo para la semana<br>del 3 al 9 de mayo de 2026"},"content":{"rendered":"<p><em>Homil\u00edas breves para esta semana<\/em>:<br \/>\n<iframe loading=\"lazy\" title=\"LA GRACIA, desde 2026\/05\/03\" width=\"525\" height=\"295\" src=\"https:\/\/www.youtube.com\/embed\/videoseries?list=PLZ1xKoz316WmOZ7xdEGyvijRRuWSNymxV\" frameborder=\"0\" allow=\"accelerometer; autoplay; clipboard-write; encrypted-media; gyroscope; picture-in-picture; web-share\" referrerpolicy=\"strict-origin-when-cross-origin\" allowfullscreen><\/iframe><\/p>\n<hr \/>\n<p><em>Lectura Espiritual para esta semana<\/em>:<br \/>\n<iframe loading=\"lazy\" title=\"LECTURA ESPIRITUAL, desde 2026\/05\/03\" width=\"525\" height=\"295\" src=\"https:\/\/www.youtube.com\/embed\/videoseries?list=PLZ1xKoz316Wk0AqSxcRZaERtIc1Rp5ePD\" frameborder=\"0\" allow=\"accelerometer; autoplay; clipboard-write; encrypted-media; gyroscope; picture-in-picture; web-share\" referrerpolicy=\"strict-origin-when-cross-origin\" allowfullscreen><\/iframe><\/p>\n<hr \/>\n<p><em>Liturgia de las Horas para esta semana<\/em>:<\/p>\n<p><strong>3 de mayo de 2026<\/strong>: <span style=\"color: #ff0000;\">Domingo V de Pascua, ciclo A<\/span><\/p>\n<ul>\n<li><a href=\"http:\/\/traffic.libsyn.com\/fraynelson\/ap05u.mp3\" target=\"_blank\" rel=\"noopener noreferrer\">Primeras V\u00edsperas<\/a> (en la tarde del s\u00e1bado 2)<\/li>\n<li><a href=\"http:\/\/traffic.libsyn.com\/fraynelson\/comp06.mp3\" target=\"_blank\" rel=\"noopener noreferrer\">Completas<\/a> (en la noche del s\u00e1bado 2)<\/li>\n<li><a href=\"https:\/\/fraynelson.com\/lectio\/ap05-pascua-domingo-v.mp3\" target=\"_blank\" rel=\"noopener noreferrer\">Lectura Espiritual<\/a><\/li>\n<li><a href=\"http:\/\/traffic.libsyn.com\/fraynelson\/ap05a.mp3\" target=\"_blank\" rel=\"noopener noreferrer\">Laudes<\/a><\/li>\n<li><a href=\"http:\/\/traffic.libsyn.com\/fraynelson\/ap05v.mp3\" target=\"_blank\" rel=\"noopener noreferrer\">Segundas V\u00edsperas<\/a><\/li>\n<li><a href=\"http:\/\/traffic.libsyn.com\/fraynelson\/comp00.mp3\" target=\"_blank\" rel=\"noopener noreferrer\">Completas<\/a><\/li>\n<\/ul>\n<p><strong>Lunes 4<\/strong>: <span style=\"color: #ff0000;\">Fiesta de los Santos Ap\u00f3stoles Felipe y Santiago<\/span> (en Colombia, y otros pa\u00edses)<\/p>\n<ul>\n<li><a href=\"https:\/\/fraynelson.com\/lectio\/sfys-santos-apostoles-felipe-y-santiago.mp3\" target=\"_blank\" rel=\"noopener noreferrer\">Lectura Espiritual<\/a><\/li>\n<li><a href=\"http:\/\/traffic.libsyn.com\/fraynelson\/sfysa.mp3\" target=\"_blank\" rel=\"noopener noreferrer\">Laudes<\/a><\/li>\n<li><a href=\"http:\/\/traffic.libsyn.com\/fraynelson\/sfysv.mp3\" target=\"_blank\" rel=\"noopener noreferrer\">V\u00edsperas<\/a><\/li>\n<li><a href=\"http:\/\/traffic.libsyn.com\/fraynelson\/comp01.mp3\" target=\"_blank\" rel=\"noopener noreferrer\">Completas<\/a><\/li>\n<\/ul>\n<p><strong>Martes 5<\/strong>:<\/p>\n<ul>\n<li><a href=\"http:\/\/fraynelson.com\/lectio\/p052-pascua-martes-v.mp3\" target=\"_blank\" rel=\"noopener noreferrer\">Lectura Espiritual<\/a><\/li>\n<li><a href=\"http:\/\/traffic.libsyn.com\/fraynelson\/p052a.mp3\" target=\"_blank\" rel=\"noopener noreferrer\">Laudes<\/a><\/li>\n<li><a href=\"http:\/\/traffic.libsyn.com\/fraynelson\/p052v.mp3\" target=\"_blank\" rel=\"noopener noreferrer\">V\u00edsperas<\/a><\/li>\n<li><a href=\"http:\/\/traffic.libsyn.com\/fraynelson\/comp02.mp3\" target=\"_blank\" rel=\"noopener noreferrer\">Completas<\/a><\/li>\n<\/ul>\n<p><strong>Mi\u00e9rcoles 6<\/strong>:<\/p>\n<ul>\n<li><a href=\"http:\/\/fraynelson.com\/lectio\/p053-pascua-miercoles-v.mp3\" target=\"_blank\" rel=\"noopener noreferrer\">Lectura Espiritual<\/a><\/li>\n<li><a href=\"http:\/\/traffic.libsyn.com\/fraynelson\/p053a.mp3\" target=\"_blank\" rel=\"noopener noreferrer\">Laudes<\/a><\/li>\n<li><a href=\"http:\/\/traffic.libsyn.com\/fraynelson\/p053v.mp3\" target=\"_blank\" rel=\"noopener noreferrer\">V\u00edsperas<\/a><\/li>\n<li><a href=\"http:\/\/traffic.libsyn.com\/fraynelson\/comp03.mp3\" target=\"_blank\" rel=\"noopener noreferrer\">Completas<\/a><\/li>\n<\/ul>\n<p><strong>Jueves 7<\/strong>:<\/p>\n<ul>\n<li><a href=\"http:\/\/fraynelson.com\/lectio\/p054-pascua-jueves-v.mp3\" target=\"_blank\" rel=\"noopener noreferrer\">Lectura Espiritual<\/a><\/li>\n<li><a href=\"http:\/\/traffic.libsyn.com\/fraynelson\/p054a.mp3\" target=\"_blank\" rel=\"noopener noreferrer\">Laudes<\/a><\/li>\n<li><a href=\"http:\/\/traffic.libsyn.com\/fraynelson\/p054v.mp3\" target=\"_blank\" rel=\"noopener noreferrer\">V\u00edsperas<\/a><\/li>\n<li><a href=\"http:\/\/traffic.libsyn.com\/fraynelson\/comp04.mp3\" target=\"_blank\" rel=\"noopener noreferrer\">Completas<\/a><\/li>\n<\/ul>\n<p><strong>Viernes 8<\/strong>:<\/p>\n<ul>\n<li><a href=\"http:\/\/fraynelson.com\/lectio\/p055-pascua-viernes-v.mp3\" target=\"_blank\" rel=\"noopener noreferrer\">Lectura Espiritual<\/a><\/li>\n<li><a href=\"http:\/\/traffic.libsyn.com\/fraynelson\/p055a.mp3\" target=\"_blank\" rel=\"noopener noreferrer\">Laudes<\/a><\/li>\n<li><a href=\"http:\/\/traffic.libsyn.com\/fraynelson\/p055v.mp3\" target=\"_blank\" rel=\"noopener noreferrer\">V\u00edsperas<\/a><\/li>\n<li><a href=\"http:\/\/traffic.libsyn.com\/fraynelson\/comp05.mp3\" target=\"_blank\" rel=\"noopener noreferrer\">Completas<\/a><\/li>\n<\/ul>\n<p><strong>S\u00e1bado 9<\/strong>:<\/p>\n<ul>\n<li><a href=\"http:\/\/fraynelson.com\/lectio\/p056-pascua-sabado-v.mp3\" target=\"_blank\" rel=\"noopener noreferrer\">Lectura Espiritual<\/a><\/li>\n<li><a href=\"http:\/\/traffic.libsyn.com\/fraynelson\/p056a.mp3\" target=\"_blank\" rel=\"noopener noreferrer\">Laudes<\/a><\/li>\n<\/ul>\n<hr \/>\n<p><img decoding=\"async\" src=\"http:\/\/fraynelson.com\/banco_imagenes\/liturgia\/cp_ordo.jpg\" alt=\"\" \/><\/p>\n<hr \/>\n","protected":false},"excerpt":{"rendered":"<p>Homil\u00edas breves para esta semana: Lectura Espiritual para esta semana: Liturgia de las Horas para esta semana: 3 de mayo de 2026: Domingo V de Pascua, ciclo A Primeras V\u00edsperas (en la tarde del s\u00e1bado 2) Completas (en la noche del s\u00e1bado 2) Lectura Espiritual Laudes Segundas V\u00edsperas Completas Lunes 4: Fiesta de los Santos &hellip; <\/p>\n<p class=\"link-more\"><a href=\"https:\/\/fraynelson.com\/blog\/2026\/05\/02\/breve-ordo-para-la-semanadel-3-al-9-de-mayo-de-2026\/\" class=\"more-link\">Continuar leyendo<span class=\"screen-reader-text\"> &#8220;Breve ordo para la semana<br \/>del 3 al 9 de mayo de 2026&#8243;<\/span><\/a><\/p>\n","protected":false},"author":1138,"featured_media":0,"comment_status":"closed","ping_status":"closed","sticky":false,"template":"","format":"standard","meta":{"footnotes":""},"categories":[291,1355,431],"tags":[],"class_list":["post-117637","post","type-post","status-publish","format-standard","hentry","category-audio","category-ordo","category-liturgia"],"jetpack_featured_media_url":"","_links":{"self":[{"href":"https:\/\/fraynelson.com\/blog\/wp-json\/wp\/v2\/posts\/117637","targetHints":{"allow":["GET"]}}],"collection":[{"href":"https:\/\/fraynelson.com\/blog\/wp-json\/wp\/v2\/posts"}],"about":[{"href":"https:\/\/fraynelson.com\/blog\/wp-json\/wp\/v2\/types\/post"}],"author":[{"embeddable":true,"href":"https:\/\/fraynelson.com\/blog\/wp-json\/wp\/v2\/users\/1138"}],"replies":[{"embeddable":true,"href":"https:\/\/fraynelson.com\/blog\/wp-json\/wp\/v2\/comments?post=117637"}],"version-history":[{"count":1,"href":"https:\/\/fraynelson.com\/blog\/wp-json\/wp\/v2\/posts\/117637\/revisions"}],"predecessor-version":[{"id":117638,"href":"https:\/\/fraynelson.com\/blog\/wp-json\/wp\/v2\/posts\/117637\/revisions\/117638"}],"wp:attachment":[{"href":"https:\/\/fraynelson.com\/blog\/wp-json\/wp\/v2\/media?parent=117637"}],"wp:term":[{"taxonomy":"category","embeddable":true,"href":"https:\/\/fraynelson.com\/blog\/wp-json\/wp\/v2\/categories?post=117637"},{"taxonomy":"post_tag","embeddable":true,"href":"https:\/\/fraynelson.com\/blog\/wp-json\/wp\/v2\/tags?post=117637"}],"curies":[{"name":"wp","href":"https:\/\/api.w.org\/{rel}","templated":true}]}}