{"id":115499,"date":"2025-11-29T02:45:05","date_gmt":"2025-11-29T07:45:05","guid":{"rendered":"https:\/\/fraynelson.com\/blog\/?p=115499"},"modified":"2025-11-25T16:00:25","modified_gmt":"2025-11-25T21:00:25","slug":"breve-ordo-para-la-semana-del-30-de-noviembre-al-6-de-diciembre-de-2025","status":"publish","type":"post","link":"https:\/\/fraynelson.com\/blog\/2025\/11\/29\/breve-ordo-para-la-semana-del-30-de-noviembre-al-6-de-diciembre-de-2025\/","title":{"rendered":"Breve ordo para la semana del 30 de noviembre al 6 de diciembre de 2025"},"content":{"rendered":"<p><em>Homil\u00edas breves para esta semana<\/em>:<br \/>\n<iframe loading=\"lazy\" title=\"LA GRACIA, desde 2025\/11\/30\" width=\"525\" height=\"295\" src=\"https:\/\/www.youtube.com\/embed\/videoseries?list=PLZ1xKoz316WnYqhhLz4-lRC_ThBo036L7\" frameborder=\"0\" allow=\"accelerometer; autoplay; clipboard-write; encrypted-media; gyroscope; picture-in-picture; web-share\" referrerpolicy=\"strict-origin-when-cross-origin\" allowfullscreen><\/iframe><\/p>\n<hr \/>\n<p><em>Lectura Espiritual para esta semana<\/em>:<br \/>\n<iframe loading=\"lazy\" title=\"LECTURA ESPIRITUAL, desde 2025\/11\/30\" width=\"525\" height=\"295\" src=\"https:\/\/www.youtube.com\/embed\/videoseries?list=PLZ1xKoz316Wl_TYBngdeYISSZH3t_o1n1\" frameborder=\"0\" allow=\"accelerometer; autoplay; clipboard-write; encrypted-media; gyroscope; picture-in-picture; web-share\" referrerpolicy=\"strict-origin-when-cross-origin\" allowfullscreen><\/iframe><\/p>\n<hr \/>\n<p><em>Liturgia de las Horas para esta semana<\/em>:<\/p>\n<p><strong>30 de noviembre de 2025<\/strong>: <span style=\"color: #993366;\"><strong>Domingo I de Adviento<\/strong><\/span><\/p>\n<ul>\n<li><a href=\"http:\/\/traffic.libsyn.com\/fraynelson\/aa01u.mp3\" target=\"_blank\" rel=\"noopener noreferrer\">Primeras V\u00edsperas<\/a> (el s\u00e1bado 29 de Noviembre por la tarde)<\/li>\n<li><a href=\"http:\/\/traffic.libsyn.com\/fraynelson\/comp06.mp3\" target=\"_blank\" rel=\"noopener noreferrer\">Completas<\/a> (el s\u00e1bado 29 por la noche)<\/li>\n<li><a href=\"http:\/\/fraynelson.com\/lectio\/aa01-adviento-domingo-i.mp3\" target=\"_blank\" rel=\"noopener noreferrer\">Lectura Espiritual<\/a><\/li>\n<li><a href=\"http:\/\/traffic.libsyn.com\/fraynelson\/aa01a.mp3\" target=\"_blank\" rel=\"noopener noreferrer\">Laudes<\/a><\/li>\n<li><a href=\"http:\/\/traffic.libsyn.com\/fraynelson\/aa01v.mp3\" target=\"_blank\" rel=\"noopener noreferrer\">Segundas V\u00edsperas<\/a><\/li>\n<li><a href=\"http:\/\/traffic.libsyn.com\/fraynelson\/comp00.mp3\" target=\"_blank\" rel=\"noopener noreferrer\">Completas<\/a><\/li>\n<\/ul>\n<p><strong>Lunes 1<\/strong>:<\/p>\n<ul>\n<li><a href=\"http:\/\/fraynelson.com\/lectio\/v011-adviento-lunes-i.mp3\" target=\"_blank\" rel=\"noopener noreferrer\">Lectura Espiritual<\/a><\/li>\n<li><a href=\"http:\/\/traffic.libsyn.com\/fraynelson\/v011a.mp3\" target=\"_blank\" rel=\"noopener noreferrer\">Laudes<\/a><\/li>\n<li><a href=\"http:\/\/traffic.libsyn.com\/fraynelson\/v011v.mp3\" target=\"_blank\" rel=\"noopener noreferrer\">V\u00edsperas<\/a><\/li>\n<li><a href=\"http:\/\/traffic.libsyn.com\/fraynelson\/comp01.mp3\" target=\"_blank\" rel=\"noopener noreferrer\">Completas<\/a><\/li>\n<\/ul>\n<p><strong>Martes 2<\/strong>:<\/p>\n<ul>\n<li><a href=\"http:\/\/fraynelson.com\/lectio\/v012-adviento-martes-i.mp3\" target=\"_blank\" rel=\"noopener noreferrer\">Lectura Espiritual<\/a><\/li>\n<li><a href=\"http:\/\/traffic.libsyn.com\/fraynelson\/v012a.mp3\" target=\"_blank\" rel=\"noopener noreferrer\">Laudes<\/a><\/li>\n<li><a href=\"http:\/\/traffic.libsyn.com\/fraynelson\/v012v.mp3\" target=\"_blank\" rel=\"noopener noreferrer\">V\u00edsperas<\/a><\/li>\n<li><a href=\"http:\/\/traffic.libsyn.com\/fraynelson\/comp02.mp3\" target=\"_blank\" rel=\"noopener noreferrer\">Completas<\/a><\/li>\n<\/ul>\n<p><strong>Mi\u00e9rcoles 3<\/strong>:Memoria de San Francisco Javier, SJ, presb\u00edtero<\/p>\n<ul>\n<li><a href=\"http:\/\/fraynelson.com\/lectio\/sfrj-memoria-de-san-francisco-xavier.mp3\" target=\"_blank\" rel=\"noopener noreferrer\">Lectura Espiritual<\/a><\/li>\n<li><a href=\"http:\/\/traffic.libsyn.com\/fraynelson\/sfrja_s013a.mp3\" target=\"_blank\" rel=\"noopener noreferrer\">Laudes<\/a><\/li>\n<li><a href=\"http:\/\/traffic.libsyn.com\/fraynelson\/sfrjv_s013v.mp3\" target=\"_blank\" rel=\"noopener noreferrer\">V\u00edsperas<\/a><\/li>\n<li><a href=\"http:\/\/traffic.libsyn.com\/fraynelson\/comp03.mp3\" target=\"_blank\" rel=\"noopener noreferrer\">Completas<\/a><\/li>\n<\/ul>\n<p><strong>Jueves 4<\/strong>:<\/p>\n<ul>\n<li><a href=\"http:\/\/fraynelson.com\/lectio\/v014-adviento-jueves-i.mp3\" target=\"_blank\" rel=\"noopener noreferrer\">Lectura Espiritual<\/a><\/li>\n<li><a href=\"http:\/\/traffic.libsyn.com\/fraynelson\/v014a.mp3\" target=\"_blank\" rel=\"noopener noreferrer\">Laudes<\/a><\/li>\n<li><a href=\"http:\/\/traffic.libsyn.com\/fraynelson\/v014v.mp3\" target=\"_blank\" rel=\"noopener noreferrer\">V\u00edsperas<\/a><\/li>\n<li><a href=\"http:\/\/traffic.libsyn.com\/fraynelson\/comp04.mp3\" target=\"_blank\" rel=\"noopener noreferrer\">Completas<\/a><\/li>\n<\/ul>\n<p><strong>Viernes 5<\/strong>:<\/p>\n<ul>\n<li><a href=\"http:\/\/fraynelson.com\/lectio\/v015-adviento-viernes-i.mp3\" target=\"_blank\" rel=\"noopener noreferrer\">Lectura Espiritual<\/a><\/li>\n<li><a href=\"http:\/\/traffic.libsyn.com\/fraynelson\/v015a.mp3\" target=\"_blank\" rel=\"noopener noreferrer\">Laudes<\/a><\/li>\n<li><a href=\"http:\/\/traffic.libsyn.com\/fraynelson\/v015v.mp3\" target=\"_blank\" rel=\"noopener noreferrer\">V\u00edsperas<\/a><\/li>\n<li><a href=\"http:\/\/traffic.libsyn.com\/fraynelson\/comp05.mp3\" target=\"_blank\" rel=\"noopener noreferrer\">Completas<\/a><\/li>\n<\/ul>\n<p><strong>S\u00e1bado 6<\/strong>:<\/p>\n<ul>\n<li><a href=\"http:\/\/fraynelson.com\/lectio\/v015-adviento-viernes-i.mp3\" target=\"_blank\" rel=\"noopener noreferrer\">Lectura Espiritual<\/a><\/li>\n<li><a href=\"http:\/\/traffic.libsyn.com\/fraynelson\/v016a.mp3\" target=\"_blank\" rel=\"noopener noreferrer\">Laudes<\/a><\/li>\n<\/ul>\n<hr \/>\n<p><img decoding=\"async\" src=\"http:\/\/fraynelson.com\/banco_imagenes\/liturgia\/cp_ordo.jpg\" alt=\"\" \/><\/p>\n<hr \/>\n","protected":false},"excerpt":{"rendered":"<p>Homil\u00edas breves para esta semana: Lectura Espiritual para esta semana: Liturgia de las Horas para esta semana: 30 de noviembre de 2025: Domingo I de Adviento Primeras V\u00edsperas (el s\u00e1bado 29 de Noviembre por la tarde) Completas (el s\u00e1bado 29 por la noche) Lectura Espiritual Laudes Segundas V\u00edsperas Completas Lunes 1: Lectura Espiritual Laudes V\u00edsperas &hellip; <\/p>\n<p class=\"link-more\"><a href=\"https:\/\/fraynelson.com\/blog\/2025\/11\/29\/breve-ordo-para-la-semana-del-30-de-noviembre-al-6-de-diciembre-de-2025\/\" class=\"more-link\">Continuar leyendo<span class=\"screen-reader-text\"> &#8220;Breve ordo para la semana del 30 de noviembre al 6 de diciembre de 2025&#8221;<\/span><\/a><\/p>\n","protected":false},"author":1138,"featured_media":0,"comment_status":"closed","ping_status":"closed","sticky":false,"template":"","format":"standard","meta":{"footnotes":""},"categories":[1355,431],"tags":[],"class_list":["post-115499","post","type-post","status-publish","format-standard","hentry","category-ordo","category-liturgia"],"jetpack_featured_media_url":"","_links":{"self":[{"href":"https:\/\/fraynelson.com\/blog\/wp-json\/wp\/v2\/posts\/115499","targetHints":{"allow":["GET"]}}],"collection":[{"href":"https:\/\/fraynelson.com\/blog\/wp-json\/wp\/v2\/posts"}],"about":[{"href":"https:\/\/fraynelson.com\/blog\/wp-json\/wp\/v2\/types\/post"}],"author":[{"embeddable":true,"href":"https:\/\/fraynelson.com\/blog\/wp-json\/wp\/v2\/users\/1138"}],"replies":[{"embeddable":true,"href":"https:\/\/fraynelson.com\/blog\/wp-json\/wp\/v2\/comments?post=115499"}],"version-history":[{"count":1,"href":"https:\/\/fraynelson.com\/blog\/wp-json\/wp\/v2\/posts\/115499\/revisions"}],"predecessor-version":[{"id":115500,"href":"https:\/\/fraynelson.com\/blog\/wp-json\/wp\/v2\/posts\/115499\/revisions\/115500"}],"wp:attachment":[{"href":"https:\/\/fraynelson.com\/blog\/wp-json\/wp\/v2\/media?parent=115499"}],"wp:term":[{"taxonomy":"category","embeddable":true,"href":"https:\/\/fraynelson.com\/blog\/wp-json\/wp\/v2\/categories?post=115499"},{"taxonomy":"post_tag","embeddable":true,"href":"https:\/\/fraynelson.com\/blog\/wp-json\/wp\/v2\/tags?post=115499"}],"curies":[{"name":"wp","href":"https:\/\/api.w.org\/{rel}","templated":true}]}}