{"id":1143,"date":"2005-10-09T21:28:30","date_gmt":"2005-10-10T02:28:30","guid":{"rendered":"1199552156"},"modified":"2005-10-17T19:24:30","modified_gmt":"2005-10-17T19:24:30","slug":"la_frase","status":"publish","type":"post","link":"https:\/\/fraynelson.com\/blog\/2005\/10\/09\/la_frase\/","title":{"rendered":"La Frase"},"content":{"rendered":"<p>La Frase<\/p>\n<p>(testimonio de un alma agradecida)<\/p>\n<p><p>Amigos de mi Alma:<\/p>\n<p><p>Son las cuatro y cuarto de la ma\u00f1ana (es madrugada). Suena el despertador (tic-tac)(tic-tac). Es la hora en la que esta ma\u00f1ana, me he propuesto seguir con los borradores de este proyecto literario, que me gustaria fuese un libro. Est\u00e1 medio escrito. Se llamaria &#8220;En otro orden de cosas&#8221; (Viviendo en el Umbral del Alcoholismo).<\/p>\n<p><p>Me he despertado con una impaciencia inacostumbrada (siento el deseo de escribir una frase-enseguida-no vaya a ser que se me olvide: &#8220;BELLA EXPRESION ES LA DE UN ALMA AGRADECIDA A DIOS&#8221;. Debi de haberla vivido, \u00f3 es que est\u00e1 mi Corazon predispuesto a que yo la sienta en m\u00ed mismo. A mi mismo me digo, mientras fijo mi mirada en la cuartilla: \u00bfDe donde Esta Frase?. Me gusta. Tiene algo de especial. Me hace sentirme especialmente emotivo y feliz mientras la leo y la releo.<\/p>\n<p><p>No s\u00e9, por contra, cual ser\u00e1 la verdadera logica que todo Sentimiento pueda expresar algo, porque reconozco mi incapacidad para filtrear o bajar a las profundidades del Alma, pero s\u00ed que tengo para mi, que toda expresion de los Sentimientos del Alma, son como el espejo mismo en el que se mira la Ilusion, la Felicidad, la Ternura y el Buen Hacer, como si fuese en si mismo el Ejercicio de un Apostolado que va tomando forma (no se de que manera, pero si como lo siento) en medio del quehacer diario que estoy tratando de vivir, con la Ilusion mas grande que haya yo podido tener hasta ahora, en las Cosas Menudas de mi vida misma y con mis muchos Amigos de mi Alma.<\/p>\n<p><p>Anoche estuve de Repaso. No lo busque a conciencia. Encontre, casi por casualidad, &#8220;las Notas que tome mientras escuchaba en la Radio el Sermon de las Siete Palabras, en Semana Santa&#8221;. Lo hago desde hace algunos a\u00f1os a esta parte. Lo he puesto frente a mi &#8220;Libreta&#8221;: &#8220;La Libreta para el Sagrario&#8221;: Alli donde anoto mis Inquietudes y mis Ilusiones, mis Torpezas y mis muchisimos Defectos de Caracter, Mis duros Pecados y tambien, mis anhelos por dejar que El Se\u00f1or me transforme, dia a dia, segun Su Voluntad. Anoto algunas Frases, &#8220;Fundamentos de Vitalidad para una Autentica Vida Cristiana&#8221;. Y aunque decirlo es en cierta medida algo que no debo hacer, &#8220;no pude&#8221; dejar de escribir esta maravillosa y profunda Frase con la que me he levantado en los labios y en mi corazon: &#8220;BELLA EXPRESION ES LA DE UN ALMA AGRADECIDA A DIOS&#8221;.<\/p>\n<p><p>Con mucho cari\u00f1o y afecto, gracias, <\/p>\n<p>\n","protected":false},"excerpt":{"rendered":"<p>La Frase (testimonio de un alma agradecida) Amigos de mi Alma: Son las cuatro y cuarto de la ma\u00f1ana (es madrugada). Suena el despertador (tic-tac)(tic-tac). Es la hora en la que esta ma\u00f1ana, me he propuesto seguir con los borradores de este proyecto literario, que me gustaria fuese un libro. Est\u00e1 medio escrito. Se llamaria &hellip; <\/p>\n<p class=\"link-more\"><a href=\"https:\/\/fraynelson.com\/blog\/2005\/10\/09\/la_frase\/\" class=\"more-link\">Continuar leyendo<span class=\"screen-reader-text\"> &#8220;La Frase&#8221;<\/span><\/a><\/p>\n","protected":false},"author":1138,"featured_media":0,"comment_status":"open","ping_status":"open","sticky":false,"template":"","format":"standard","meta":{"footnotes":""},"categories":[65],"tags":[],"class_list":["post-1143","post","type-post","status-publish","format-standard","hentry","category-testimonios"],"jetpack_featured_media_url":"","_links":{"self":[{"href":"https:\/\/fraynelson.com\/blog\/wp-json\/wp\/v2\/posts\/1143","targetHints":{"allow":["GET"]}}],"collection":[{"href":"https:\/\/fraynelson.com\/blog\/wp-json\/wp\/v2\/posts"}],"about":[{"href":"https:\/\/fraynelson.com\/blog\/wp-json\/wp\/v2\/types\/post"}],"author":[{"embeddable":true,"href":"https:\/\/fraynelson.com\/blog\/wp-json\/wp\/v2\/users\/1138"}],"replies":[{"embeddable":true,"href":"https:\/\/fraynelson.com\/blog\/wp-json\/wp\/v2\/comments?post=1143"}],"version-history":[{"count":0,"href":"https:\/\/fraynelson.com\/blog\/wp-json\/wp\/v2\/posts\/1143\/revisions"}],"wp:attachment":[{"href":"https:\/\/fraynelson.com\/blog\/wp-json\/wp\/v2\/media?parent=1143"}],"wp:term":[{"taxonomy":"category","embeddable":true,"href":"https:\/\/fraynelson.com\/blog\/wp-json\/wp\/v2\/categories?post=1143"},{"taxonomy":"post_tag","embeddable":true,"href":"https:\/\/fraynelson.com\/blog\/wp-json\/wp\/v2\/tags?post=1143"}],"curies":[{"name":"wp","href":"https:\/\/api.w.org\/{rel}","templated":true}]}}