{"id":107476,"date":"2024-06-06T12:10:07","date_gmt":"2024-06-06T17:10:07","guid":{"rendered":"https:\/\/fraynelson.com\/blog\/?p=107476"},"modified":"2024-05-28T21:13:00","modified_gmt":"2024-05-29T02:13:00","slug":"la-gracia-2024-06-08-el-corazon-de-la-virgen-nos-muestra-que-el-evangelio-es-posible","status":"publish","type":"post","link":"https:\/\/fraynelson.com\/blog\/2024\/06\/06\/la-gracia-2024-06-08-el-corazon-de-la-virgen-nos-muestra-que-el-evangelio-es-posible\/","title":{"rendered":"LA GRACIA 2024\/06\/08 El coraz\u00f3n de la Virgen nos muestra que el Evangelio es posible"},"content":{"rendered":"<p>MEMORIA DEL INMACULADO CORAZ\u00d3N DE LA SANT\u00cdSIMA VIRGEN MAR\u00cdA<\/p>\n<p>La Sant\u00edsima Virgen Mar\u00eda nos muestra que en un mundo marcado por el pecado el Evangelio es posible, ella que con el coraz\u00f3n traspasado por el combate, la dificultades y humillaciones permaneci\u00f3 fiel al Se\u00f1or.<\/p>\n<p><iframe loading=\"lazy\" title=\"LA GRACIA 2024\/06\/08\" width=\"525\" height=\"295\" src=\"https:\/\/www.youtube.com\/embed\/ZHRcdnbKHco?feature=oembed\" frameborder=\"0\" allow=\"accelerometer; autoplay; clipboard-write; encrypted-media; gyroscope; picture-in-picture; web-share\" referrerpolicy=\"strict-origin-when-cross-origin\" allowfullscreen><\/iframe><\/p>\n<p><div class=\"powerpress_player\" id=\"powerpress_player_1195\"><audio class=\"wp-audio-shortcode\" id=\"audio-107476-1\" preload=\"none\" style=\"width: 100%;\" controls=\"controls\"><source type=\"audio\/mpeg\" src=\"http:\/\/traffic.libsyn.com\/fraynelson\/20240608.mp3?_=1\" \/><a href=\"http:\/\/traffic.libsyn.com\/fraynelson\/20240608.mp3\">http:\/\/traffic.libsyn.com\/fraynelson\/20240608.mp3<\/a><\/audio><\/div><p class=\"powerpress_links powerpress_links_mp3\" style=\"margin-bottom: 1px !important;\">Podcast: <a href=\"http:\/\/traffic.libsyn.com\/fraynelson\/20240608.mp3\" class=\"powerpress_link_pinw\" target=\"_blank\" title=\"Play in new window\" onclick=\"return powerpress_pinw('https:\/\/fraynelson.com\/blog\/?powerpress_pinw=107476-podcast');\" rel=\"nofollow\">Play in new window<\/a> | <a href=\"http:\/\/traffic.libsyn.com\/fraynelson\/20240608.mp3\" class=\"powerpress_link_d\" title=\"Download\" rel=\"nofollow\" download=\"20240608.mp3\">Download<\/a><\/p><p class=\"powerpress_links powerpress_subscribe_links\">Subscribe: <a href=\"https:\/\/fraynelson.com\/blog\/feed\/podcast\/\" class=\"powerpress_link_subscribe powerpress_link_subscribe_rss\" target=\"_blank\" title=\"Subscribe via RSS\" rel=\"nofollow\">RSS<\/a><\/p>[<strong>REPRODUCCI\u00d3N PERMITIDA<\/strong> <em>en redes sociales, blogs, emisoras de radio, y otros medios<\/em>. <span style=\"color: #993300;\">Tu donaci\u00f3n hace fuerte la evangelizaci\u00f3n cat\u00f3lica. <a style=\"color: #993300;\" href=\"https:\/\/paypal.me\/fraynelsonmedina?locale.x=es_XC\" target=\"_blank\" rel=\"noopener noreferrer\">\u00a1Dona ahora<\/a>!<\/span>]<\/p>\n\n","protected":false},"excerpt":{"rendered":"<p>MEMORIA DEL INMACULADO CORAZ\u00d3N DE LA SANT\u00cdSIMA VIRGEN MAR\u00cdA La Sant\u00edsima Virgen Mar\u00eda nos muestra que en un mundo marcado por el pecado el Evangelio es posible, ella que con el coraz\u00f3n traspasado por el combate, la dificultades y humillaciones permaneci\u00f3 fiel al Se\u00f1or.<\/p>\n","protected":false},"author":1140,"featured_media":0,"comment_status":"closed","ping_status":"closed","sticky":false,"template":"","format":"standard","meta":{"footnotes":""},"categories":[291,307,1068,1166,841,302],"tags":[],"class_list":["post-107476","post","type-post","status-publish","format-standard","hentry","category-audio","category-homilias","category-la-fe-que-transforma-el-mundo","category-maria-y-el-pueblo-cristiano","category-micro-homilias","category-video"],"jetpack_featured_media_url":"","_links":{"self":[{"href":"https:\/\/fraynelson.com\/blog\/wp-json\/wp\/v2\/posts\/107476","targetHints":{"allow":["GET"]}}],"collection":[{"href":"https:\/\/fraynelson.com\/blog\/wp-json\/wp\/v2\/posts"}],"about":[{"href":"https:\/\/fraynelson.com\/blog\/wp-json\/wp\/v2\/types\/post"}],"author":[{"embeddable":true,"href":"https:\/\/fraynelson.com\/blog\/wp-json\/wp\/v2\/users\/1140"}],"replies":[{"embeddable":true,"href":"https:\/\/fraynelson.com\/blog\/wp-json\/wp\/v2\/comments?post=107476"}],"version-history":[{"count":1,"href":"https:\/\/fraynelson.com\/blog\/wp-json\/wp\/v2\/posts\/107476\/revisions"}],"predecessor-version":[{"id":107477,"href":"https:\/\/fraynelson.com\/blog\/wp-json\/wp\/v2\/posts\/107476\/revisions\/107477"}],"wp:attachment":[{"href":"https:\/\/fraynelson.com\/blog\/wp-json\/wp\/v2\/media?parent=107476"}],"wp:term":[{"taxonomy":"category","embeddable":true,"href":"https:\/\/fraynelson.com\/blog\/wp-json\/wp\/v2\/categories?post=107476"},{"taxonomy":"post_tag","embeddable":true,"href":"https:\/\/fraynelson.com\/blog\/wp-json\/wp\/v2\/tags?post=107476"}],"curies":[{"name":"wp","href":"https:\/\/api.w.org\/{rel}","templated":true}]}}