{"id":10524,"date":"2011-03-30T15:53:28","date_gmt":"2011-03-30T20:53:28","guid":{"rendered":"http:\/\/fraynelson.com\/blog\/?p=10524"},"modified":"2011-07-10T15:54:54","modified_gmt":"2011-07-10T20:54:54","slug":"una-suma-conversacion-009-sobre-la-concepcion-de-verdad-en-santo-tomas","status":"publish","type":"post","link":"https:\/\/fraynelson.com\/blog\/2011\/03\/30\/una-suma-conversacion-009-sobre-la-concepcion-de-verdad-en-santo-tomas\/","title":{"rendered":"Una SUMA conversacion, 009: Sobre la concepcion de verdad en Santo Tomas"},"content":{"rendered":"<p>La verdad interesa porque sin ella la religi\u00f3n ser\u00eda una narraci\u00f3n imaginaria sin autoridad sobre la vida ni credencial alguna para tener existencia social.<\/p>\n<p>La noci\u00f3n fundamental es la de FORMA (morph\u00e9). Al conocer algo podemos preguntar de qu\u00e9 est\u00e1 hecho, y ello remite a la materia (hyl\u00e9). Conocer es acceder a la forma, porque la verdad est\u00e1 en primer lugar en el designio divino, luego en las cosas mismas y s\u00f3lo despu\u00e9s en nuetro entendimiento.<\/p>\n<p><iframe loading=\"lazy\" width=\"425\" height=\"349\" src=\"http:\/\/www.youtube.com\/embed\/wzw2RaPEN68\" frameborder=\"0\" allowfullscreen><\/iframe><\/p>\n<p>Este cap\u00edtulo pertenece al <a href=\"http:\/\/www.youtube.com\/playlist?list=PL5C6F251B86BDA64D\" target=\"_blank\">volumen 2<\/a> de la <em>Suma Conversaci\u00f3n<\/em>.<\/p>\n","protected":false},"excerpt":{"rendered":"<p>La verdad interesa porque sin ella la religi\u00f3n ser\u00eda una narraci\u00f3n imaginaria sin autoridad sobre la vida ni credencial alguna para tener existencia social. La noci\u00f3n fundamental es la de FORMA (morph\u00e9). Al conocer algo podemos preguntar de qu\u00e9 est\u00e1 hecho, y ello remite a la materia (hyl\u00e9). Conocer es acceder a la forma, porque &hellip; <\/p>\n<p class=\"link-more\"><a href=\"https:\/\/fraynelson.com\/blog\/2011\/03\/30\/una-suma-conversacion-009-sobre-la-concepcion-de-verdad-en-santo-tomas\/\" class=\"more-link\">Continuar leyendo<span class=\"screen-reader-text\"> &#8220;Una SUMA conversacion, 009: Sobre la concepcion de verdad en Santo Tomas&#8221;<\/span><\/a><\/p>\n","protected":false},"author":1138,"featured_media":0,"comment_status":"open","ping_status":"open","sticky":false,"template":"","format":"standard","meta":{"footnotes":""},"categories":[510,818,487,354,302],"tags":[],"class_list":["post-10524","post","type-post","status-publish","format-standard","hentry","category-santo_tomas","category-suma-conversacion-vol-02","category-teologia","category-verdad","category-video"],"jetpack_featured_media_url":"","_links":{"self":[{"href":"https:\/\/fraynelson.com\/blog\/wp-json\/wp\/v2\/posts\/10524","targetHints":{"allow":["GET"]}}],"collection":[{"href":"https:\/\/fraynelson.com\/blog\/wp-json\/wp\/v2\/posts"}],"about":[{"href":"https:\/\/fraynelson.com\/blog\/wp-json\/wp\/v2\/types\/post"}],"author":[{"embeddable":true,"href":"https:\/\/fraynelson.com\/blog\/wp-json\/wp\/v2\/users\/1138"}],"replies":[{"embeddable":true,"href":"https:\/\/fraynelson.com\/blog\/wp-json\/wp\/v2\/comments?post=10524"}],"version-history":[{"count":1,"href":"https:\/\/fraynelson.com\/blog\/wp-json\/wp\/v2\/posts\/10524\/revisions"}],"predecessor-version":[{"id":10525,"href":"https:\/\/fraynelson.com\/blog\/wp-json\/wp\/v2\/posts\/10524\/revisions\/10525"}],"wp:attachment":[{"href":"https:\/\/fraynelson.com\/blog\/wp-json\/wp\/v2\/media?parent=10524"}],"wp:term":[{"taxonomy":"category","embeddable":true,"href":"https:\/\/fraynelson.com\/blog\/wp-json\/wp\/v2\/categories?post=10524"},{"taxonomy":"post_tag","embeddable":true,"href":"https:\/\/fraynelson.com\/blog\/wp-json\/wp\/v2\/tags?post=10524"}],"curies":[{"name":"wp","href":"https:\/\/api.w.org\/{rel}","templated":true}]}}