{"id":103,"date":"2005-05-24T02:16:00","date_gmt":"2005-05-24T07:16:00","guid":{"rendered":"507242854"},"modified":"2005-08-16T21:13:46","modified_gmt":"2005-08-16T21:13:46","slug":"632","status":"publish","type":"post","link":"https:\/\/fraynelson.com\/blog\/2005\/05\/24\/632\/","title":{"rendered":"El futuro va en paralelo (6)"},"content":{"rendered":"<p><strong>6. Imaginando (\u00bfy temiendo?) un mundo en paralelo<\/strong><\/p>\n<p>Cuando apenas despuntaba en el horizonte el poder de la informaci\u00f3n, all\u00e1 en 1949, George Orwell public\u00f3 su conocida novela &#8220;1984.&#8221; El enemigo aparece ah\u00ed en la forma de un Estado intrusivo y bur\u00f3crata. Pero el protagonista no es el Estado sino la informaci\u00f3n. Se supone que hay un alguien, que hay un punto en donde se condensa la informaci\u00f3n sobre los ciudadanos.<\/p>\n<p><!--more--><\/p>\n<p>Desde el \u00e1ngulo de nuestras reflexiones, Orwell podr\u00eda estar equivocado en sus predicciones. La centralizaci\u00f3n es requisito y a la vez consecuencia del procesamiento serial de la informaci\u00f3n. Si la tendencia del futuro va m\u00e1s en paralelo, deber\u00edamos imaginar un escenario distinto, aunque no necesariamente m\u00e1s humano.<\/p>\n<p>De hecho, hay razones para temer algo peor que las pesadillas orwellianas. Cuando hay un dictador visible hay tambi\u00e9n un enemigo visible; ello mismo convoca las fuerzas en la aspiraci\u00f3n de derribarlo. Los &#8220;dictadores&#8221; del futuro ya est\u00e1n en nuestro presente y su caracter\u00edstica principal es que desconocemos su rostro. S\u00f3lo conocemos el rostro de la gente que les hace caso pero no sabemos qui\u00e9n tira los hilos.<\/p>\n<p>Los ejemplos a mano vienen de la esfera \u00e9tica nuevamente. Hay un clima que favorece la aceptaci\u00f3n del homosexualismo como una opci\u00f3n que debe acogerse del mismo modo que el heterosexualismo. Seg\u00fan ese &#8220;clima,&#8221; las leyes de los estados se vuelven m\u00e1s y m\u00e1s favorables a la aceptaci\u00f3n de parejas del mismo sexo, con el nombre de matrimonios que pueden adoptar ni\u00f1os, o en el caso de las lesbianas, ser fecundadas artificialmente para tener hijos con dos mam\u00e1s.<\/p>\n<p>Y una pregunta: \u00bfd\u00f3nde est\u00e1 la &#8220;cabeza&#8221; de todo eso? De repente resulta que los medios de comunicaci\u00f3n, los cuerpos legislativos, los profesores universitarios y una parte considerable de los predicadores religiosos no ven otro pecado, en lo que ata\u00f1e a este tema, que no sea la &#8220;homofobia.&#8221; Lo \u00fanico malo y perverso es ser &#8220;hom\u00f3fobo.&#8221; \u00bfLo dictamina qui\u00e9n? No sabemos. Sucede en muchas partes al tiempo. Es un proceso que se va retroalimentando, brota y rebrota en todas partes. Es un clima. No puedes agarrar por el cuello a la niebla. No funciona patear con rabia el granizo que tienes al frente. Repito: es un clima; trabaja en paralelo. No tiene cabeza visible; no hay dictador a la vista; muchas veces no sabes contra qui\u00e9n est\u00e1s argumentando y tienes que repetir muchas veces las mismas razones, con la sensaci\u00f3n desagradable de que nadie te oye y de que, apenas termines de explicarlo todo, volver\u00e1n empezar por la primera objeci\u00f3n.<\/p>\n<p>Uno sabe que hay intereses; uno sabe que hay gente que se est\u00e1 beneficiando de cada paso legal, de cada publicaci\u00f3n. Hay gente que recibe dinero o gana prestigio. Pero todos ellos no son los &#8220;jefes&#8221;&#8230;<\/p>\n<p>Por contraste absoluto, quiero confesar que siento un cari\u00f1o profundo por Benedicto XVI. Es algo que creo que viene m\u00e1s del Esp\u00edritu Santo, porque en algunos caso raya con la compasi\u00f3n.<\/p>\n<p>Compasi\u00f3n porque veo a un hombre que ama la fe, nuestra fe, y que quiere defenderla en su pureza, alegr\u00eda y fecundidad; un hombre que por su mismo oficio est\u00e1 visible. Su rostro, sus a\u00f1os, sus arrugas y defectos est\u00e1n ah\u00ed, como carne de ca\u00f1\u00f3n para la prensa insaciable.<\/p>\n<p>Sus adversarios, en cambio, se esconden. Tampoco se conocen entre ellos. Quiz\u00e1 ni siquiera saben a qui\u00e9n sirven.<\/p>\n<p>En fin, todo eso nos lleva a preguntarnos qu\u00e9 podr\u00eda o deber\u00eda aceptar y qu\u00e9 rechazar nuestra Iglesia cuando se habla de un futuro construido &#8220;en paralelo.&#8221;<\/p>\n","protected":false},"excerpt":{"rendered":"<p>6. Imaginando (\u00bfy temiendo?) un mundo en paralelo Cuando apenas despuntaba en el horizonte el poder de la informaci\u00f3n, all\u00e1 en 1949, George Orwell public\u00f3 su conocida novela &#8220;1984.&#8221; El enemigo aparece ah\u00ed en la forma de un Estado intrusivo y bur\u00f3crata. Pero el protagonista no es el Estado sino la informaci\u00f3n. Se supone que &hellip; <\/p>\n<p class=\"link-more\"><a href=\"https:\/\/fraynelson.com\/blog\/2005\/05\/24\/632\/\" class=\"more-link\">Continuar leyendo<span class=\"screen-reader-text\"> &#8220;El futuro va en paralelo (6)&#8221;<\/span><\/a><\/p>\n","protected":false},"author":1138,"featured_media":0,"comment_status":"open","ping_status":"open","sticky":false,"template":"","format":"standard","meta":{"footnotes":""},"categories":[48],"tags":[],"class_list":["post-103","post","type-post","status-publish","format-standard","hentry","category-ciencia-y-tecnologia"],"jetpack_featured_media_url":"","_links":{"self":[{"href":"https:\/\/fraynelson.com\/blog\/wp-json\/wp\/v2\/posts\/103","targetHints":{"allow":["GET"]}}],"collection":[{"href":"https:\/\/fraynelson.com\/blog\/wp-json\/wp\/v2\/posts"}],"about":[{"href":"https:\/\/fraynelson.com\/blog\/wp-json\/wp\/v2\/types\/post"}],"author":[{"embeddable":true,"href":"https:\/\/fraynelson.com\/blog\/wp-json\/wp\/v2\/users\/1138"}],"replies":[{"embeddable":true,"href":"https:\/\/fraynelson.com\/blog\/wp-json\/wp\/v2\/comments?post=103"}],"version-history":[{"count":0,"href":"https:\/\/fraynelson.com\/blog\/wp-json\/wp\/v2\/posts\/103\/revisions"}],"wp:attachment":[{"href":"https:\/\/fraynelson.com\/blog\/wp-json\/wp\/v2\/media?parent=103"}],"wp:term":[{"taxonomy":"category","embeddable":true,"href":"https:\/\/fraynelson.com\/blog\/wp-json\/wp\/v2\/categories?post=103"},{"taxonomy":"post_tag","embeddable":true,"href":"https:\/\/fraynelson.com\/blog\/wp-json\/wp\/v2\/tags?post=103"}],"curies":[{"name":"wp","href":"https:\/\/api.w.org\/{rel}","templated":true}]}}